{"id":12294,"date":"2026-03-16T14:58:53","date_gmt":"2026-03-16T13:58:53","guid":{"rendered":"https:\/\/www.museumspass.ch\/?p=12294"},"modified":"2026-03-16T14:58:54","modified_gmt":"2026-03-16T13:58:54","slug":"hinter-den-kulissen-die-verwandlung-der-fondation-de-lhermitage","status":"publish","type":"post","link":"https:\/\/www.museumspass.ch\/de\/hinter-den-kulissen-die-verwandlung-der-fondation-de-lhermitage\/","title":{"rendered":"Hinter den Kulissen: Die Verwandlung der Fondation de l&#8217;Hermitage"},"content":{"rendered":"\n<p>Ein Bericht von Botschafter Dominik Gehl<\/p>\n\n\n\n<div style=\"height:20px\" aria-hidden=\"true\" class=\"wp-block-spacer\"><\/div>\n\n\n\n<figure class=\"wp-block-image size-large\"><img fetchpriority=\"high\" decoding=\"async\" width=\"1024\" height=\"683\" src=\"https:\/\/www.museumspass.ch\/wp-content\/uploads\/e9cc909c-d633-4886-9d56-e1a448e8446d_rw_1920-1024x683.jpg\" alt=\"Fondation de l'Hermitage\" class=\"wp-image-12295\" srcset=\"https:\/\/www.museumspass.ch\/wp-content\/uploads\/e9cc909c-d633-4886-9d56-e1a448e8446d_rw_1920-1024x683.jpg 1024w, https:\/\/www.museumspass.ch\/wp-content\/uploads\/e9cc909c-d633-4886-9d56-e1a448e8446d_rw_1920-300x200.jpg 300w, https:\/\/www.museumspass.ch\/wp-content\/uploads\/e9cc909c-d633-4886-9d56-e1a448e8446d_rw_1920-768x512.jpg 768w, https:\/\/www.museumspass.ch\/wp-content\/uploads\/e9cc909c-d633-4886-9d56-e1a448e8446d_rw_1920-1536x1024.jpg 1536w, https:\/\/www.museumspass.ch\/wp-content\/uploads\/e9cc909c-d633-4886-9d56-e1a448e8446d_rw_1920-18x12.jpg 18w, https:\/\/www.museumspass.ch\/wp-content\/uploads\/e9cc909c-d633-4886-9d56-e1a448e8446d_rw_1920.jpg 1920w\" sizes=\"(max-width: 1024px) 100vw, 1024px\" \/><\/figure>\n\n\n\n<div style=\"height:20px\" aria-hidden=\"true\" class=\"wp-block-spacer\"><\/div>\n\n\n\n<p>Die Fondation de l\u2019Hermitage ist ein ganz besonderer Ort f\u00fcr alle Kunstliebhaber, doch seit November 2025 herrscht dort ungewohnte Stille. Unser Botschafter Dominik Gehl hat diesen einzigartigen Moment des Wandels dokumentiert. Er hat die leeren R\u00e4ume fotografisch festgehalten und mit den Verantwortlichen vor Ort dar\u00fcber gesprochen, wie man ein Baudenkmal energetisch saniert, ohne seine Seele zu verlieren. Wir freuen uns, seine spannenden Einblicke und exklusiven Bilder hier mit unserer Community teilen zu d\u00fcrfen.<\/p>\n\n\n\n<p><em>Text und Fotografie: Dominik Gehl<\/em><\/p>\n\n\n\n<div style=\"height:40px\" aria-hidden=\"true\" class=\"wp-block-spacer\"><\/div>\n\n\n\n<div class=\"wp-block-group has-border-color has-background is-layout-constrained wp-container-core-group-is-layout-f4353ca6 wp-block-group-is-layout-constrained\" style=\"border-color:#c8c8c8;border-width:1px;background-color:#e9eef0;margin-top:0;margin-bottom:0;padding-top:24px;padding-right:24px;padding-bottom:24px;padding-left:24px\">\n<h3 class=\"wp-block-heading\">Hermitage \u00abon the road\u00bb \u2013 Das Programm 2026<\/h3>\n\n\n\n<div style=\"height:20px\" aria-hidden=\"true\" class=\"wp-block-spacer\"><\/div>\n\n\n\n<p>Auch wenn die T\u00fcren in Lausanne vor\u00fcbergehend geschlossen sind, bleibt die Kunst der Stiftung in Bewegung. Hier sind die wichtigsten Termine, um die Fondation de l\u2019Hermitage im Jahr 2026 an anderen Orten zu erleben:<\/p>\n\n\n\n<div style=\"height:20px\" aria-hidden=\"true\" class=\"wp-block-spacer\"><\/div>\n\n\n\n<ul class=\"wp-block-list\">\n<li>F\u00fcr Kreative: Am <strong>8. April<\/strong> finden im Ausstellungsraum des CHUV Gravur-Workshops mit der K\u00fcnstlerin Marie-Aurore Conscience statt (im Rahmen von P\u00e2komuz\u00e9)<\/li>\n<\/ul>\n\n\n\n<div style=\"height:10px\" aria-hidden=\"true\" class=\"wp-block-spacer\"><\/div>\n\n\n\n<ul class=\"wp-block-list\">\n<li>F\u00fcr Frauen &amp; Kunstbegeisterte: Am <strong>21. April und 21. Mai<\/strong> l\u00e4dt die Maison de la femme in Lausanne zur Veranstaltung \u201eFrauen der Sammlung Hermitage\u201c ein. Nach einer Pr\u00e4sentation von Direktorin Sylvie Wuhrmann folgt ein Workshop mit der Illustratorin Fanny Vaucher.<\/li>\n<\/ul>\n\n\n\n<div style=\"height:20px\" aria-hidden=\"true\" class=\"wp-block-spacer\"><\/div>\n\n\n\n<p>Immer informiert: Alle Details zu weiteren Outreach-Projekten und dem Fortschritt der Bauarbeiten finde Sie regelm\u00e4ssig auf der <a href=\"https:\/\/fondation-hermitage.ch\/\" type=\"link\" id=\"https:\/\/fondation-hermitage.ch\/\">Webseite der Fondation de l&#8217;Hermitage<\/a>.<\/p>\n<\/div>\n\n\n\n<div style=\"height:40px\" aria-hidden=\"true\" class=\"wp-block-spacer\"><\/div>\n\n\n\n<h2 class=\"wp-block-heading\">Ein lebendiges Museum im Wandel<\/h2>\n\n\n\n<div style=\"height:20px\" aria-hidden=\"true\" class=\"wp-block-spacer\"><\/div>\n\n\n\n<figure class=\"wp-block-image size-large\"><img decoding=\"async\" width=\"1024\" height=\"683\" src=\"https:\/\/www.museumspass.ch\/wp-content\/uploads\/DSC_3021-1024x683.jpg\" alt=\"Stille: Wo vor kurzem noch Kunstwerke hingen, wartet das Haus nun auf seine Erneuerung\" class=\"wp-image-12296\" srcset=\"https:\/\/www.museumspass.ch\/wp-content\/uploads\/DSC_3021-1024x683.jpg 1024w, https:\/\/www.museumspass.ch\/wp-content\/uploads\/DSC_3021-300x200.jpg 300w, https:\/\/www.museumspass.ch\/wp-content\/uploads\/DSC_3021-768x512.jpg 768w, https:\/\/www.museumspass.ch\/wp-content\/uploads\/DSC_3021-1536x1024.jpg 1536w, https:\/\/www.museumspass.ch\/wp-content\/uploads\/DSC_3021-2048x1365.jpg 2048w, https:\/\/www.museumspass.ch\/wp-content\/uploads\/DSC_3021-18x12.jpg 18w\" sizes=\"(max-width: 1024px) 100vw, 1024px\" \/><\/figure>\n\n\n\n<div style=\"height:20px\" aria-hidden=\"true\" class=\"wp-block-spacer\"><\/div>\n\n\n\n<p>Die Villa L\u2019Hermitage wurde zwischen 1851 und 1853 f\u00fcr den Bankier Charles-Juste Bugnion erbaut. Nachdem die Besitzerfamilie das Anwesen der Stadt Lausanne geschenkt hatte, wurde es 1984 als Kunstmuseum er\u00f6ffnet.\u00a0Seit \u00fcber vierzig Jahren pr\u00e4sentiert die Fondation de l\u2019Hermitage dort j\u00e4hrlich international renommierte Wechselausstellungen. Um diesen Kulturauftrag langfristig zu sichern, leitet die Institution nun eine umfassende Restaurierung ein.<\/p>\n\n\n\n<div style=\"height:20px\" aria-hidden=\"true\" class=\"wp-block-spacer\"><\/div>\n\n\n\n<div class=\"wp-block-columns is-layout-flex wp-container-core-columns-is-layout-28f84493 wp-block-columns-is-layout-flex\">\n<div class=\"wp-block-column is-layout-flow wp-block-column-is-layout-flow\" style=\"flex-basis:33.34%\">\n<figure class=\"wp-block-image size-large\"><img decoding=\"async\" width=\"1024\" height=\"683\" src=\"https:\/\/www.museumspass.ch\/wp-content\/uploads\/0ccd0489-12ec-4cb0-a119-f2cbe88b034a_rw_1920-1024x683.jpg\" alt=\"\" class=\"wp-image-12302\" srcset=\"https:\/\/www.museumspass.ch\/wp-content\/uploads\/0ccd0489-12ec-4cb0-a119-f2cbe88b034a_rw_1920-1024x683.jpg 1024w, https:\/\/www.museumspass.ch\/wp-content\/uploads\/0ccd0489-12ec-4cb0-a119-f2cbe88b034a_rw_1920-300x200.jpg 300w, https:\/\/www.museumspass.ch\/wp-content\/uploads\/0ccd0489-12ec-4cb0-a119-f2cbe88b034a_rw_1920-768x512.jpg 768w, https:\/\/www.museumspass.ch\/wp-content\/uploads\/0ccd0489-12ec-4cb0-a119-f2cbe88b034a_rw_1920-1536x1024.jpg 1536w, https:\/\/www.museumspass.ch\/wp-content\/uploads\/0ccd0489-12ec-4cb0-a119-f2cbe88b034a_rw_1920-18x12.jpg 18w, https:\/\/www.museumspass.ch\/wp-content\/uploads\/0ccd0489-12ec-4cb0-a119-f2cbe88b034a_rw_1920.jpg 1920w\" sizes=\"(max-width: 1024px) 100vw, 1024px\" \/><\/figure>\n<\/div>\n\n\n\n<div class=\"wp-block-column is-layout-flow wp-block-column-is-layout-flow\" style=\"flex-basis:33.34%\">\n<figure class=\"wp-block-image size-large\"><img loading=\"lazy\" decoding=\"async\" width=\"1024\" height=\"683\" src=\"https:\/\/www.museumspass.ch\/wp-content\/uploads\/984655f3-e2b0-47f9-9b99-1c0231a46fc0_rw_1920-1024x683.jpg\" alt=\"\" class=\"wp-image-12303\" srcset=\"https:\/\/www.museumspass.ch\/wp-content\/uploads\/984655f3-e2b0-47f9-9b99-1c0231a46fc0_rw_1920-1024x683.jpg 1024w, https:\/\/www.museumspass.ch\/wp-content\/uploads\/984655f3-e2b0-47f9-9b99-1c0231a46fc0_rw_1920-300x200.jpg 300w, https:\/\/www.museumspass.ch\/wp-content\/uploads\/984655f3-e2b0-47f9-9b99-1c0231a46fc0_rw_1920-768x512.jpg 768w, https:\/\/www.museumspass.ch\/wp-content\/uploads\/984655f3-e2b0-47f9-9b99-1c0231a46fc0_rw_1920-1536x1024.jpg 1536w, https:\/\/www.museumspass.ch\/wp-content\/uploads\/984655f3-e2b0-47f9-9b99-1c0231a46fc0_rw_1920-18x12.jpg 18w, https:\/\/www.museumspass.ch\/wp-content\/uploads\/984655f3-e2b0-47f9-9b99-1c0231a46fc0_rw_1920.jpg 1920w\" sizes=\"(max-width: 1024px) 100vw, 1024px\" \/><\/figure>\n<\/div>\n\n\n\n<div class=\"wp-block-column is-layout-flow wp-block-column-is-layout-flow\" style=\"flex-basis:33.33%\">\n<figure class=\"wp-block-image size-large\"><img loading=\"lazy\" decoding=\"async\" width=\"1024\" height=\"683\" src=\"https:\/\/www.museumspass.ch\/wp-content\/uploads\/874b432c-af1c-450a-a30d-7a16db4daf7c_rw_1920-1-1024x683.jpg\" alt=\"\" class=\"wp-image-12309\" srcset=\"https:\/\/www.museumspass.ch\/wp-content\/uploads\/874b432c-af1c-450a-a30d-7a16db4daf7c_rw_1920-1-1024x683.jpg 1024w, https:\/\/www.museumspass.ch\/wp-content\/uploads\/874b432c-af1c-450a-a30d-7a16db4daf7c_rw_1920-1-300x200.jpg 300w, https:\/\/www.museumspass.ch\/wp-content\/uploads\/874b432c-af1c-450a-a30d-7a16db4daf7c_rw_1920-1-768x512.jpg 768w, https:\/\/www.museumspass.ch\/wp-content\/uploads\/874b432c-af1c-450a-a30d-7a16db4daf7c_rw_1920-1-1536x1024.jpg 1536w, https:\/\/www.museumspass.ch\/wp-content\/uploads\/874b432c-af1c-450a-a30d-7a16db4daf7c_rw_1920-1-18x12.jpg 18w, https:\/\/www.museumspass.ch\/wp-content\/uploads\/874b432c-af1c-450a-a30d-7a16db4daf7c_rw_1920-1.jpg 1920w\" sizes=\"(max-width: 1024px) 100vw, 1024px\" \/><\/figure>\n<\/div>\n<\/div>\n\n\n\n<figure class=\"wp-block-gallery has-nested-images columns-4 wp-block-gallery-1 is-layout-flex wp-block-gallery-is-layout-flex\">\n<figure class=\"wp-block-image size-large\"><img loading=\"lazy\" decoding=\"async\" width=\"683\" height=\"1024\" data-id=\"12305\" src=\"https:\/\/www.museumspass.ch\/wp-content\/uploads\/9780066d-b0bf-43f1-ad38-e54f2e48847d_rw_1920-683x1024.jpg\" alt=\"\" class=\"wp-image-12305\" style=\"aspect-ratio:1\" srcset=\"https:\/\/www.museumspass.ch\/wp-content\/uploads\/9780066d-b0bf-43f1-ad38-e54f2e48847d_rw_1920-683x1024.jpg 683w, https:\/\/www.museumspass.ch\/wp-content\/uploads\/9780066d-b0bf-43f1-ad38-e54f2e48847d_rw_1920-200x300.jpg 200w, https:\/\/www.museumspass.ch\/wp-content\/uploads\/9780066d-b0bf-43f1-ad38-e54f2e48847d_rw_1920-768x1152.jpg 768w, https:\/\/www.museumspass.ch\/wp-content\/uploads\/9780066d-b0bf-43f1-ad38-e54f2e48847d_rw_1920-1024x1536.jpg 1024w, https:\/\/www.museumspass.ch\/wp-content\/uploads\/9780066d-b0bf-43f1-ad38-e54f2e48847d_rw_1920-8x12.jpg 8w, https:\/\/www.museumspass.ch\/wp-content\/uploads\/9780066d-b0bf-43f1-ad38-e54f2e48847d_rw_1920.jpg 1365w\" sizes=\"(max-width: 683px) 100vw, 683px\" \/><\/figure>\n\n\n\n<figure class=\"wp-block-image size-large\"><img loading=\"lazy\" decoding=\"async\" width=\"819\" height=\"1024\" data-id=\"12306\" src=\"https:\/\/www.museumspass.ch\/wp-content\/uploads\/20487c32-3314-4f04-83a1-6845a514f122_rw_1920-819x1024.jpg\" alt=\"\" class=\"wp-image-12306\" style=\"aspect-ratio:1\" srcset=\"https:\/\/www.museumspass.ch\/wp-content\/uploads\/20487c32-3314-4f04-83a1-6845a514f122_rw_1920-819x1024.jpg 819w, https:\/\/www.museumspass.ch\/wp-content\/uploads\/20487c32-3314-4f04-83a1-6845a514f122_rw_1920-240x300.jpg 240w, https:\/\/www.museumspass.ch\/wp-content\/uploads\/20487c32-3314-4f04-83a1-6845a514f122_rw_1920-768x960.jpg 768w, https:\/\/www.museumspass.ch\/wp-content\/uploads\/20487c32-3314-4f04-83a1-6845a514f122_rw_1920-1229x1536.jpg 1229w, https:\/\/www.museumspass.ch\/wp-content\/uploads\/20487c32-3314-4f04-83a1-6845a514f122_rw_1920-10x12.jpg 10w, https:\/\/www.museumspass.ch\/wp-content\/uploads\/20487c32-3314-4f04-83a1-6845a514f122_rw_1920.jpg 1638w\" sizes=\"(max-width: 819px) 100vw, 819px\" \/><\/figure>\n\n\n\n<figure class=\"wp-block-image size-large\"><img loading=\"lazy\" decoding=\"async\" width=\"1024\" height=\"683\" data-id=\"12307\" src=\"https:\/\/www.museumspass.ch\/wp-content\/uploads\/462514f6-9092-4b2e-bb9b-afb123d2f405_rw_1920-1024x683.jpg\" alt=\"\" class=\"wp-image-12307\" style=\"aspect-ratio:1\" srcset=\"https:\/\/www.museumspass.ch\/wp-content\/uploads\/462514f6-9092-4b2e-bb9b-afb123d2f405_rw_1920-1024x683.jpg 1024w, https:\/\/www.museumspass.ch\/wp-content\/uploads\/462514f6-9092-4b2e-bb9b-afb123d2f405_rw_1920-300x200.jpg 300w, https:\/\/www.museumspass.ch\/wp-content\/uploads\/462514f6-9092-4b2e-bb9b-afb123d2f405_rw_1920-768x512.jpg 768w, https:\/\/www.museumspass.ch\/wp-content\/uploads\/462514f6-9092-4b2e-bb9b-afb123d2f405_rw_1920-1536x1024.jpg 1536w, https:\/\/www.museumspass.ch\/wp-content\/uploads\/462514f6-9092-4b2e-bb9b-afb123d2f405_rw_1920-18x12.jpg 18w, https:\/\/www.museumspass.ch\/wp-content\/uploads\/462514f6-9092-4b2e-bb9b-afb123d2f405_rw_1920.jpg 1920w\" sizes=\"(max-width: 1024px) 100vw, 1024px\" \/><\/figure>\n\n\n\n<figure class=\"wp-block-image size-large\"><img loading=\"lazy\" decoding=\"async\" width=\"1024\" height=\"1024\" data-id=\"12308\" src=\"https:\/\/www.museumspass.ch\/wp-content\/uploads\/4f28a232-b3b3-4571-8074-d86be840125a_rw_1920-1024x1024.jpg\" alt=\"\" class=\"wp-image-12308\" style=\"aspect-ratio:1\" srcset=\"https:\/\/www.museumspass.ch\/wp-content\/uploads\/4f28a232-b3b3-4571-8074-d86be840125a_rw_1920-1024x1024.jpg 1024w, https:\/\/www.museumspass.ch\/wp-content\/uploads\/4f28a232-b3b3-4571-8074-d86be840125a_rw_1920-300x300.jpg 300w, https:\/\/www.museumspass.ch\/wp-content\/uploads\/4f28a232-b3b3-4571-8074-d86be840125a_rw_1920-150x150.jpg 150w, https:\/\/www.museumspass.ch\/wp-content\/uploads\/4f28a232-b3b3-4571-8074-d86be840125a_rw_1920-768x768.jpg 768w, https:\/\/www.museumspass.ch\/wp-content\/uploads\/4f28a232-b3b3-4571-8074-d86be840125a_rw_1920-1536x1536.jpg 1536w, https:\/\/www.museumspass.ch\/wp-content\/uploads\/4f28a232-b3b3-4571-8074-d86be840125a_rw_1920-12x12.jpg 12w, https:\/\/www.museumspass.ch\/wp-content\/uploads\/4f28a232-b3b3-4571-8074-d86be840125a_rw_1920.jpg 1920w\" sizes=\"(max-width: 1024px) 100vw, 1024px\" \/><\/figure>\n<\/figure>\n\n\n\n<div style=\"height:20px\" aria-hidden=\"true\" class=\"wp-block-spacer\"><\/div>\n\n\n\n<p>Obwohl die T\u00fcren des Lausanner Museums seit dem 10. November 2025 f\u00fcr die \u00d6ffentlichkeit geschlossen sind, ruhen die Aktivit\u00e4ten der Stiftung keineswegs. F\u00fcr 2026 hat das Haus ein Programm zur Kulturvermittlung au\u00dferhalb der eigenen Mauern angek\u00fcndigt, das es den Werken erm\u00f6glicht, w\u00e4hrend der Arbeiten ein neues Publikum zu finden.<\/p>\n\n\n\n<div style=\"height:20px\" aria-hidden=\"true\" class=\"wp-block-spacer\"><\/div>\n\n\n\n<h3 class=\"wp-block-heading\"><strong>L\u2019Hermitage auf Reisen ab Fr\u00fchjahr 2026<\/strong><\/h3>\n\n\n\n<div style=\"height:20px\" aria-hidden=\"true\" class=\"wp-block-spacer\"><\/div>\n\n\n\n<p>Das Jahr 2026 wird von mehreren lokalen Kooperationen gepr\u00e4gt sein. Am 8. April werden im Rahmen von P\u00e2komuz\u00e9 im Ausstellungsraum des CHUV (Universit\u00e4tsspital) Gravur-Workshops mit der K\u00fcnstlerin Marie-Aurore Conscience organisiert. Am 21. April und 21. Mai sind die Mitglieder von Pro Senectute zur Veranstaltung \u201eFrauen der Sammlung L\u2019Hermitage\u201c im Maison de la femme in Lausanne eingeladen. Dieses Treffen bietet einen Vortrag von Sylvie Wuhrmann, gefolgt von einem Kreativ-Workshop mit der Autorin und Illustratorin Fanny Vaucher.<\/p>\n\n\n\n<p>Dieses Programm ist der Vorbote f\u00fcr einen neuen Raum f\u00fcr Kulturvermittlung im Museum, der bei der Wiederer\u00f6ffnung im Jahr 2027 eingeweiht wird. Um die Ziele dieser umfassenden Renovierung zu besprechen, haben wir Sylvie Wuhrmann und Aur\u00e9lie Couvreur, Direktorin bzw. Konservatorin der Fondation de l\u2019Hermitage, inmitten der Umzugsvorbereitungen getroffen \u2013 nur wenige Tage nach dem Abbau der letzten Ausstellung \u201eEin Traum von Poland\u201c.<\/p>\n\n\n\n<div style=\"height:20px\" aria-hidden=\"true\" class=\"wp-block-spacer\"><\/div>\n\n\n\n<figure class=\"wp-block-image size-large\"><img loading=\"lazy\" decoding=\"async\" width=\"1024\" height=\"683\" src=\"https:\/\/www.museumspass.ch\/wp-content\/uploads\/8805d4b7-e43a-4569-abf8-67924a0c146f_rw_1200-1024x683.jpg\" alt=\"A Dream of Poland\" class=\"wp-image-12297\" srcset=\"https:\/\/www.museumspass.ch\/wp-content\/uploads\/8805d4b7-e43a-4569-abf8-67924a0c146f_rw_1200-1024x683.jpg 1024w, https:\/\/www.museumspass.ch\/wp-content\/uploads\/8805d4b7-e43a-4569-abf8-67924a0c146f_rw_1200-300x200.jpg 300w, https:\/\/www.museumspass.ch\/wp-content\/uploads\/8805d4b7-e43a-4569-abf8-67924a0c146f_rw_1200-768x512.jpg 768w, https:\/\/www.museumspass.ch\/wp-content\/uploads\/8805d4b7-e43a-4569-abf8-67924a0c146f_rw_1200-18x12.jpg 18w, https:\/\/www.museumspass.ch\/wp-content\/uploads\/8805d4b7-e43a-4569-abf8-67924a0c146f_rw_1200.jpg 1200w\" sizes=\"(max-width: 1024px) 100vw, 1024px\" \/><\/figure>\n\n\n\n<div style=\"height:20px\" aria-hidden=\"true\" class=\"wp-block-spacer\"><\/div>\n\n\n\n<h3 class=\"wp-block-heading\"><strong>Ein Geb\u00e4ude im Ruhezustand f\u00fcr 18 Monate<\/strong><\/h3>\n\n\n\n<div style=\"height:20px\" aria-hidden=\"true\" class=\"wp-block-spacer\"><\/div>\n\n\n\n<p>\u201eEs gibt noch viel zu tun!\u201c, sagt Sylvie Wuhrmann lachend. Das ist verst\u00e4ndlich: Zum ersten Mal seit 1984 muss das Haus komplett geleert werden. Hinter geschlossenen Fensterl\u00e4den muss das Geb\u00e4ude \u201ean globale Standards angepasst werden: energetisch, in der pr\u00e4ventiven Konservierung und in der Sicherheit\u201c. Die Komplexit\u00e4t liegt in der Natur des Geb\u00e4udes selbst. \u201eDas Hauptanliegen der mit der Renovierung beauftragten Architekten ist es, dieses Erbe zu respektieren\u201c, pr\u00e4zisiert die Direktorin. Es geht darum, ein urspr\u00fcnglich f\u00fcr das Familienleben konzipiertes Haus an die Anforderungen eines Museums anzupassen und dabei seine Seele zu bewahren.<\/p>\n\n\n\n<div style=\"height:20px\" aria-hidden=\"true\" class=\"wp-block-spacer\"><\/div>\n\n\n\n<figure class=\"wp-block-image size-large\"><img loading=\"lazy\" decoding=\"async\" width=\"1024\" height=\"683\" src=\"https:\/\/www.museumspass.ch\/wp-content\/uploads\/6b6a3461-3cd9-4cba-9c24-7e4f3d05104d_rw_1200-1024x683.jpg\" alt=\"Der Salon bleu im vollen Glanz der Ausstellung\" class=\"wp-image-12298\" srcset=\"https:\/\/www.museumspass.ch\/wp-content\/uploads\/6b6a3461-3cd9-4cba-9c24-7e4f3d05104d_rw_1200-1024x683.jpg 1024w, https:\/\/www.museumspass.ch\/wp-content\/uploads\/6b6a3461-3cd9-4cba-9c24-7e4f3d05104d_rw_1200-300x200.jpg 300w, https:\/\/www.museumspass.ch\/wp-content\/uploads\/6b6a3461-3cd9-4cba-9c24-7e4f3d05104d_rw_1200-768x512.jpg 768w, https:\/\/www.museumspass.ch\/wp-content\/uploads\/6b6a3461-3cd9-4cba-9c24-7e4f3d05104d_rw_1200-18x12.jpg 18w, https:\/\/www.museumspass.ch\/wp-content\/uploads\/6b6a3461-3cd9-4cba-9c24-7e4f3d05104d_rw_1200.jpg 1200w\" sizes=\"(max-width: 1024px) 100vw, 1024px\" \/><\/figure>\n\n\n\n<figure class=\"wp-block-image size-large\"><img loading=\"lazy\" decoding=\"async\" width=\"1024\" height=\"683\" src=\"https:\/\/www.museumspass.ch\/wp-content\/uploads\/DSC_3026-1024x683.jpg\" alt=\"Der Salon bleu reduziert auf seine architektonische Substanz\" class=\"wp-image-12301\" srcset=\"https:\/\/www.museumspass.ch\/wp-content\/uploads\/DSC_3026-1024x683.jpg 1024w, https:\/\/www.museumspass.ch\/wp-content\/uploads\/DSC_3026-300x200.jpg 300w, https:\/\/www.museumspass.ch\/wp-content\/uploads\/DSC_3026-768x512.jpg 768w, https:\/\/www.museumspass.ch\/wp-content\/uploads\/DSC_3026-1536x1024.jpg 1536w, https:\/\/www.museumspass.ch\/wp-content\/uploads\/DSC_3026-2048x1365.jpg 2048w, https:\/\/www.museumspass.ch\/wp-content\/uploads\/DSC_3026-18x12.jpg 18w\" sizes=\"(max-width: 1024px) 100vw, 1024px\" \/><\/figure>\n\n\n\n<div style=\"height:20px\" aria-hidden=\"true\" class=\"wp-block-spacer\"><\/div>\n\n\n\n<p>Das 18-monatige Projekt verfolgt drei Hauptziele:<\/p>\n\n\n\n<p>Energieeffizienz:&nbsp;Instandsetzung von Dach, Fassade und Abdichtung nach aktuellen Normen.<\/p>\n\n\n\n<p>Technische Diskretion:&nbsp;Schluss mit lauten, mobilen Klimager\u00e4ten und Luftbefeuchtern, die von Hand bef\u00fcllt und geleert werden mussten. Das k\u00fcnftige System wird zentralisiert, leistungsf\u00e4higer und vor allem unsichtbar sein, um den R\u00e4umen ihren urspr\u00fcnglichen Charakter zur\u00fcckzugeben.<\/p>\n\n\n\n<p>Besuchererlebnis:&nbsp;Neugestaltung des Rundgangs, Verbesserung der Besucherstr\u00f6me und Modernisierung des Lifts.<\/p>\n\n\n\n<div style=\"height:20px\" aria-hidden=\"true\" class=\"wp-block-spacer\"><\/div>\n\n\n\n<h3 class=\"wp-block-heading\"><strong>Eine gemeinsame Dynamik<\/strong><\/h3>\n\n\n\n<div style=\"height:20px\" aria-hidden=\"true\" class=\"wp-block-spacer\"><\/div>\n\n\n\n<p>L\u2019Hermitage ist nicht das einzige Schweizer Museum, das solche Arbeiten unternimmt. Institutionen wie das Museum Langmatt in Baden oder die Villa Flora in Winterthur haben \u00e4hnliche Wege eingeschlagen.<\/p>\n\n\n\n<p>\u201eWir tauschen uns aus\u201c, best\u00e4tigt Aur\u00e9lie Couvreur. \u201eIn Winterthur haben uns die Kollegen ihre Entscheidungen und Herausforderungen erkl\u00e4rt. Wir haben mehrere technische Besichtigungen durchgef\u00fchrt, um zu verstehen, wie sie die Dinge angegangen sind und welche Technologien sie gew\u00e4hlt haben. Es ist interessant zu sehen, wie der Ort nach der Renovierung lebt.\u201c<\/p>\n\n\n\n<div style=\"height:20px\" aria-hidden=\"true\" class=\"wp-block-spacer\"><\/div>\n\n\n\n<div class=\"wp-block-columns is-layout-flex wp-container-core-columns-is-layout-28f84493 wp-block-columns-is-layout-flex\">\n<div class=\"wp-block-column is-layout-flow wp-block-column-is-layout-flow\">\n<figure class=\"wp-block-image size-large\"><img loading=\"lazy\" decoding=\"async\" width=\"1024\" height=\"683\" src=\"https:\/\/www.museumspass.ch\/wp-content\/uploads\/e37af086-9b7e-445e-bae4-fd45de02cdf7_rw_1920-1024x683.jpg\" alt=\"\" class=\"wp-image-12310\" srcset=\"https:\/\/www.museumspass.ch\/wp-content\/uploads\/e37af086-9b7e-445e-bae4-fd45de02cdf7_rw_1920-1024x683.jpg 1024w, https:\/\/www.museumspass.ch\/wp-content\/uploads\/e37af086-9b7e-445e-bae4-fd45de02cdf7_rw_1920-300x200.jpg 300w, https:\/\/www.museumspass.ch\/wp-content\/uploads\/e37af086-9b7e-445e-bae4-fd45de02cdf7_rw_1920-768x512.jpg 768w, https:\/\/www.museumspass.ch\/wp-content\/uploads\/e37af086-9b7e-445e-bae4-fd45de02cdf7_rw_1920-1536x1024.jpg 1536w, https:\/\/www.museumspass.ch\/wp-content\/uploads\/e37af086-9b7e-445e-bae4-fd45de02cdf7_rw_1920-18x12.jpg 18w, https:\/\/www.museumspass.ch\/wp-content\/uploads\/e37af086-9b7e-445e-bae4-fd45de02cdf7_rw_1920.jpg 1920w\" sizes=\"(max-width: 1024px) 100vw, 1024px\" \/><\/figure>\n<\/div>\n\n\n\n<div class=\"wp-block-column is-layout-flow wp-block-column-is-layout-flow\">\n<figure class=\"wp-block-image size-large\"><img loading=\"lazy\" decoding=\"async\" width=\"1024\" height=\"683\" src=\"https:\/\/www.museumspass.ch\/wp-content\/uploads\/2c5ae4f2-fe95-4036-86da-e77479c93250_rw_1920-1024x683.jpg\" alt=\"\" class=\"wp-image-12311\" srcset=\"https:\/\/www.museumspass.ch\/wp-content\/uploads\/2c5ae4f2-fe95-4036-86da-e77479c93250_rw_1920-1024x683.jpg 1024w, https:\/\/www.museumspass.ch\/wp-content\/uploads\/2c5ae4f2-fe95-4036-86da-e77479c93250_rw_1920-300x200.jpg 300w, https:\/\/www.museumspass.ch\/wp-content\/uploads\/2c5ae4f2-fe95-4036-86da-e77479c93250_rw_1920-768x512.jpg 768w, https:\/\/www.museumspass.ch\/wp-content\/uploads\/2c5ae4f2-fe95-4036-86da-e77479c93250_rw_1920-1536x1024.jpg 1536w, https:\/\/www.museumspass.ch\/wp-content\/uploads\/2c5ae4f2-fe95-4036-86da-e77479c93250_rw_1920-18x12.jpg 18w, https:\/\/www.museumspass.ch\/wp-content\/uploads\/2c5ae4f2-fe95-4036-86da-e77479c93250_rw_1920.jpg 1920w\" sizes=\"(max-width: 1024px) 100vw, 1024px\" \/><\/figure>\n<\/div>\n\n\n\n<div class=\"wp-block-column is-layout-flow wp-block-column-is-layout-flow\">\n<figure class=\"wp-block-image size-large\"><img loading=\"lazy\" decoding=\"async\" width=\"1024\" height=\"683\" src=\"https:\/\/www.museumspass.ch\/wp-content\/uploads\/a8cf1618-fd1e-47aa-81fc-6131995c7775_rw_1920-1024x683.jpg\" alt=\"\" class=\"wp-image-12312\" srcset=\"https:\/\/www.museumspass.ch\/wp-content\/uploads\/a8cf1618-fd1e-47aa-81fc-6131995c7775_rw_1920-1024x683.jpg 1024w, https:\/\/www.museumspass.ch\/wp-content\/uploads\/a8cf1618-fd1e-47aa-81fc-6131995c7775_rw_1920-300x200.jpg 300w, https:\/\/www.museumspass.ch\/wp-content\/uploads\/a8cf1618-fd1e-47aa-81fc-6131995c7775_rw_1920-768x512.jpg 768w, https:\/\/www.museumspass.ch\/wp-content\/uploads\/a8cf1618-fd1e-47aa-81fc-6131995c7775_rw_1920-1536x1024.jpg 1536w, https:\/\/www.museumspass.ch\/wp-content\/uploads\/a8cf1618-fd1e-47aa-81fc-6131995c7775_rw_1920-18x12.jpg 18w, https:\/\/www.museumspass.ch\/wp-content\/uploads\/a8cf1618-fd1e-47aa-81fc-6131995c7775_rw_1920.jpg 1920w\" sizes=\"(max-width: 1024px) 100vw, 1024px\" \/><\/figure>\n<\/div>\n<\/div>\n\n\n\n<div class=\"wp-block-columns is-layout-flex wp-container-core-columns-is-layout-28f84493 wp-block-columns-is-layout-flex\">\n<div class=\"wp-block-column is-layout-flow wp-block-column-is-layout-flow\">\n<figure class=\"wp-block-image size-large\"><img loading=\"lazy\" decoding=\"async\" width=\"1024\" height=\"683\" src=\"https:\/\/www.museumspass.ch\/wp-content\/uploads\/a1cad6b2-883d-4512-8874-907c19d38bd9_rw_1920-1024x683.jpg\" alt=\"\" class=\"wp-image-12313\" srcset=\"https:\/\/www.museumspass.ch\/wp-content\/uploads\/a1cad6b2-883d-4512-8874-907c19d38bd9_rw_1920-1024x683.jpg 1024w, https:\/\/www.museumspass.ch\/wp-content\/uploads\/a1cad6b2-883d-4512-8874-907c19d38bd9_rw_1920-300x200.jpg 300w, https:\/\/www.museumspass.ch\/wp-content\/uploads\/a1cad6b2-883d-4512-8874-907c19d38bd9_rw_1920-768x512.jpg 768w, https:\/\/www.museumspass.ch\/wp-content\/uploads\/a1cad6b2-883d-4512-8874-907c19d38bd9_rw_1920-1536x1024.jpg 1536w, https:\/\/www.museumspass.ch\/wp-content\/uploads\/a1cad6b2-883d-4512-8874-907c19d38bd9_rw_1920-18x12.jpg 18w, https:\/\/www.museumspass.ch\/wp-content\/uploads\/a1cad6b2-883d-4512-8874-907c19d38bd9_rw_1920.jpg 1920w\" sizes=\"(max-width: 1024px) 100vw, 1024px\" \/><\/figure>\n<\/div>\n\n\n\n<div class=\"wp-block-column is-layout-flow wp-block-column-is-layout-flow\">\n<figure class=\"wp-block-image size-large\"><img loading=\"lazy\" decoding=\"async\" width=\"1024\" height=\"683\" src=\"https:\/\/www.museumspass.ch\/wp-content\/uploads\/a3650bea-98b7-4a60-9566-b1983e8edac8_rw_1920-1024x683.jpg\" alt=\"\" class=\"wp-image-12314\" srcset=\"https:\/\/www.museumspass.ch\/wp-content\/uploads\/a3650bea-98b7-4a60-9566-b1983e8edac8_rw_1920-1024x683.jpg 1024w, https:\/\/www.museumspass.ch\/wp-content\/uploads\/a3650bea-98b7-4a60-9566-b1983e8edac8_rw_1920-300x200.jpg 300w, https:\/\/www.museumspass.ch\/wp-content\/uploads\/a3650bea-98b7-4a60-9566-b1983e8edac8_rw_1920-768x512.jpg 768w, https:\/\/www.museumspass.ch\/wp-content\/uploads\/a3650bea-98b7-4a60-9566-b1983e8edac8_rw_1920-1536x1024.jpg 1536w, https:\/\/www.museumspass.ch\/wp-content\/uploads\/a3650bea-98b7-4a60-9566-b1983e8edac8_rw_1920-18x12.jpg 18w, https:\/\/www.museumspass.ch\/wp-content\/uploads\/a3650bea-98b7-4a60-9566-b1983e8edac8_rw_1920.jpg 1920w\" sizes=\"(max-width: 1024px) 100vw, 1024px\" \/><\/figure>\n<\/div>\n\n\n\n<div class=\"wp-block-column is-layout-flow wp-block-column-is-layout-flow\">\n<figure class=\"wp-block-image size-large\"><img loading=\"lazy\" decoding=\"async\" width=\"1024\" height=\"683\" src=\"https:\/\/www.museumspass.ch\/wp-content\/uploads\/e7fc69b4-814d-409e-9c26-86374182b29d_rw_1920-1024x683.jpg\" alt=\"\" class=\"wp-image-12315\" srcset=\"https:\/\/www.museumspass.ch\/wp-content\/uploads\/e7fc69b4-814d-409e-9c26-86374182b29d_rw_1920-1024x683.jpg 1024w, https:\/\/www.museumspass.ch\/wp-content\/uploads\/e7fc69b4-814d-409e-9c26-86374182b29d_rw_1920-300x200.jpg 300w, https:\/\/www.museumspass.ch\/wp-content\/uploads\/e7fc69b4-814d-409e-9c26-86374182b29d_rw_1920-768x512.jpg 768w, https:\/\/www.museumspass.ch\/wp-content\/uploads\/e7fc69b4-814d-409e-9c26-86374182b29d_rw_1920-1536x1024.jpg 1536w, https:\/\/www.museumspass.ch\/wp-content\/uploads\/e7fc69b4-814d-409e-9c26-86374182b29d_rw_1920-18x12.jpg 18w, https:\/\/www.museumspass.ch\/wp-content\/uploads\/e7fc69b4-814d-409e-9c26-86374182b29d_rw_1920.jpg 1920w\" sizes=\"(max-width: 1024px) 100vw, 1024px\" \/><\/figure>\n<\/div>\n<\/div>\n\n\n\n<div style=\"height:20px\" aria-hidden=\"true\" class=\"wp-block-spacer\"><\/div>\n\n\n\n<h3 class=\"wp-block-heading\"><strong>Neugestaltung der Depots<\/strong><\/h3>\n\n\n\n<div style=\"height:20px\" aria-hidden=\"true\" class=\"wp-block-spacer\"><\/div>\n\n\n\n<p>F\u00fcr Aur\u00e9lie Couvreur sind die Arbeiten eine seltene logistische Chance: \u201eEs ist die Gelegenheit, unsere Depots neu zu \u00fcberdenken. Wir spielen eine Art riesiges Tetris, um die Lagerdichte zu erh\u00f6hen und in ein funktionaleres Haus zur\u00fcckzukehren.\u201c Rund 800 Werke werden f\u00fcr die Dauer der Arbeiten in provisorische Depots ausgelagert.<\/p>\n\n\n\n<div style=\"height:20px\" aria-hidden=\"true\" class=\"wp-block-spacer\"><\/div>\n\n\n\n<figure class=\"wp-block-image size-large\"><img loading=\"lazy\" decoding=\"async\" width=\"1024\" height=\"683\" src=\"https:\/\/www.museumspass.ch\/wp-content\/uploads\/6f9eb7d7-44f2-44ca-89df-dc5882bfb536_rw_1200-1024x683.jpg\" alt=\"Archiv\" class=\"wp-image-12299\" srcset=\"https:\/\/www.museumspass.ch\/wp-content\/uploads\/6f9eb7d7-44f2-44ca-89df-dc5882bfb536_rw_1200-1024x683.jpg 1024w, https:\/\/www.museumspass.ch\/wp-content\/uploads\/6f9eb7d7-44f2-44ca-89df-dc5882bfb536_rw_1200-300x200.jpg 300w, https:\/\/www.museumspass.ch\/wp-content\/uploads\/6f9eb7d7-44f2-44ca-89df-dc5882bfb536_rw_1200-768x512.jpg 768w, https:\/\/www.museumspass.ch\/wp-content\/uploads\/6f9eb7d7-44f2-44ca-89df-dc5882bfb536_rw_1200-18x12.jpg 18w, https:\/\/www.museumspass.ch\/wp-content\/uploads\/6f9eb7d7-44f2-44ca-89df-dc5882bfb536_rw_1200.jpg 1200w\" sizes=\"(max-width: 1024px) 100vw, 1024px\" \/><\/figure>\n\n\n\n<div style=\"height:20px\" aria-hidden=\"true\" class=\"wp-block-spacer\"><\/div>\n\n\n\n<h3 class=\"wp-block-heading\"><strong>Ausblick auf den Herbst 2027<\/strong><\/h3>\n\n\n\n<div style=\"height:20px\" aria-hidden=\"true\" class=\"wp-block-spacer\"><\/div>\n\n\n\n<p>Die Wiederer\u00f6ffnung ist f\u00fcr den Herbst 2027 mit einem modifizierten Rundgang geplant. Bestimmte R\u00e4ume im Erdgeschoss und im ersten Stock, die bisher privat waren, werden f\u00fcr die \u00d6ffentlichkeit zug\u00e4nglich sein.<\/p>\n\n\n\n<p>Was die Ausstellung betrifft, die dieses neue Kapitel einleiten wird, h\u00e4lt sich das Team noch bedeckt. \u201eWir sind dabei, die Dinge f\u00fcr die Wiederer\u00f6ffnung zu finalisieren. Aber es ist noch nicht ganz fertig&#8230; es wird eine \u00dcberraschung sein\u201c, schlie\u00dft Aur\u00e9lie Couvreur.<\/p>\n\n\n\n<div style=\"height:20px\" aria-hidden=\"true\" class=\"wp-block-spacer\"><\/div>\n\n\n\n<figure class=\"wp-block-image size-large\"><img loading=\"lazy\" decoding=\"async\" width=\"1024\" height=\"683\" src=\"https:\/\/www.museumspass.ch\/wp-content\/uploads\/8632e9f8-7bac-4c50-8796-babdb23f92b8_rw_1200-1024x683.jpg\" alt=\"Treppe\" class=\"wp-image-12300\" srcset=\"https:\/\/www.museumspass.ch\/wp-content\/uploads\/8632e9f8-7bac-4c50-8796-babdb23f92b8_rw_1200-1024x683.jpg 1024w, https:\/\/www.museumspass.ch\/wp-content\/uploads\/8632e9f8-7bac-4c50-8796-babdb23f92b8_rw_1200-300x200.jpg 300w, https:\/\/www.museumspass.ch\/wp-content\/uploads\/8632e9f8-7bac-4c50-8796-babdb23f92b8_rw_1200-768x512.jpg 768w, https:\/\/www.museumspass.ch\/wp-content\/uploads\/8632e9f8-7bac-4c50-8796-babdb23f92b8_rw_1200-18x12.jpg 18w, https:\/\/www.museumspass.ch\/wp-content\/uploads\/8632e9f8-7bac-4c50-8796-babdb23f92b8_rw_1200.jpg 1200w\" sizes=\"(max-width: 1024px) 100vw, 1024px\" \/><\/figure>\n\n\n\n<div style=\"height:40px\" aria-hidden=\"true\" class=\"wp-block-spacer\"><\/div>\n\n\n\n<div class=\"wp-block-columns has-border-color has-background is-layout-flex wp-container-core-columns-is-layout-28f84493 wp-block-columns-is-layout-flex\" style=\"border-color:#c8c8c8;border-width:1px;background-color:#e9eef0\">\n<div class=\"wp-block-column is-layout-flow wp-block-column-is-layout-flow\" style=\"flex-basis:50%\">\n<figure class=\"wp-block-image size-full is-resized\"><img loading=\"lazy\" decoding=\"async\" width=\"479\" height=\"480\" src=\"https:\/\/www.museumspass.ch\/wp-content\/uploads\/dom.png\" alt=\"\" class=\"wp-image-12320\" style=\"aspect-ratio:0.9979329558731015;width:305px;height:auto\" srcset=\"https:\/\/www.museumspass.ch\/wp-content\/uploads\/dom.png 479w, https:\/\/www.museumspass.ch\/wp-content\/uploads\/dom-300x300.png 300w, https:\/\/www.museumspass.ch\/wp-content\/uploads\/dom-150x150.png 150w, https:\/\/www.museumspass.ch\/wp-content\/uploads\/dom-12x12.png 12w\" sizes=\"(max-width: 479px) 100vw, 479px\" \/><\/figure>\n<\/div>\n\n\n\n<div class=\"wp-block-column is-layout-flow wp-block-column-is-layout-flow\" style=\"flex-basis:50%\">\n<h2 class=\"wp-block-heading\"><a href=\"https:\/\/blog.dominikgehl.com\/\" type=\"link\" id=\"https:\/\/blog.dominikgehl.com\/\">Dominik Gehl<\/a><\/h2>\n\n\n\n<p>Dominik Gehl ist seit 2018 als Botschafter f\u00fcr den Schweizer Museumspass unterwegs, um die vielf\u00e4ltige Museumslandschaft der Schweiz aus seiner ganz pers\u00f6nlichen Perspektive einzufangen. Sein Auge f\u00fcr Architektur und klare Linien hilft ihm dabei, die stille \u00c4sthetik leerer R\u00e4ume und die Dynamik von Transformationen \u2013 wie aktuell in der Fondation de l\u2019Hermitage \u2013 dokumentarisch festzuhalten. Wenn er nicht gerade Museen erkundet, teilt er seine Leidenschaft f\u00fcr Fotografie und Reisen mit einer wachsenden Community auf Social Media.<\/p>\n<\/div>\n<\/div>\n\n\n\n<p><\/p>\n","protected":false},"excerpt":{"rendered":"<p>Stille im Salon bleu: W\u00e4hrend die Fondation de l\u2019Hermitage ihre T\u00fcren f\u00fcr eine 18-monatige Renovierung schliesst, hat unser Botschafter Dominik Gehl den Blick hinter die Kulissen gewagt. Entdecken Sie seine exklusive Fotoreportage \u00fcber ein Haus im Wandel \u2013 und erfahren Sie, wie das Programm &#8218;on the road&#8216; die Kunst w\u00e4hrend der Bauzeit zu den Menschen bringt.<\/p>\n","protected":false},"author":2,"featured_media":12295,"comment_status":"closed","ping_status":"open","sticky":false,"template":"","format":"standard","meta":{"footnotes":""},"categories":[70],"tags":[],"class_list":["post-12294","post","type-post","status-publish","format-standard","has-post-thumbnail","hentry","category-museums-news"],"yoast_head":"<!-- This site is optimized with the Yoast SEO plugin v26.8 - https:\/\/yoast.com\/product\/yoast-seo-wordpress\/ -->\n<title>Hinter den Kulissen: Die Verwandlung der Fondation de l&#039;Hermitage - Schweizer Museumspass Fondation de l\u2019Hermitage: Ein Blick hinter die Kulissen der Renovierung<\/title>\n<meta name=\"description\" content=\"Stille im Salon bleu: W\u00e4hrend die Fondation de l\u2019Hermitage ihre T\u00fcren f\u00fcr eine 18-monatige Renovierung schliesst, hat unser Botschafter Dominik Gehl den Blick hinter die Kulissen gewagt. Entdecken Sie seine exklusive Fotoreportage \u00fcber ein Haus im Wandel \u2013 und erfahren Sie, wie das Programm &#039;on the road&#039; die Kunst w\u00e4hrend der Bauzeit zu den Menschen bringt.\" \/>\n<meta name=\"robots\" content=\"index, follow, max-snippet:-1, max-image-preview:large, max-video-preview:-1\" \/>\n<link rel=\"canonical\" href=\"https:\/\/www.museumspass.ch\/de\/hinter-den-kulissen-die-verwandlung-der-fondation-de-lhermitage\/\" \/>\n<meta property=\"og:locale\" content=\"de_DE\" \/>\n<meta property=\"og:type\" content=\"article\" \/>\n<meta property=\"og:title\" content=\"Hinter den Kulissen: Die Verwandlung der Fondation de l&#039;Hermitage - Schweizer Museumspass Fondation de l\u2019Hermitage: Ein Blick hinter die Kulissen der Renovierung\" \/>\n<meta property=\"og:description\" content=\"Stille im Salon bleu: W\u00e4hrend die Fondation de l\u2019Hermitage ihre T\u00fcren f\u00fcr eine 18-monatige Renovierung schliesst, hat unser Botschafter Dominik Gehl den Blick hinter die Kulissen gewagt. Entdecken Sie seine exklusive Fotoreportage \u00fcber ein Haus im Wandel \u2013 und erfahren Sie, wie das Programm &#039;on the road&#039; die Kunst w\u00e4hrend der Bauzeit zu den Menschen bringt.\" \/>\n<meta property=\"og:url\" content=\"https:\/\/www.museumspass.ch\/de\/hinter-den-kulissen-die-verwandlung-der-fondation-de-lhermitage\/\" \/>\n<meta property=\"og:site_name\" content=\"Schweizer Museumspass\" \/>\n<meta property=\"article:publisher\" content=\"https:\/\/www.facebook.com\/SchweizerMuseumspass\/\" \/>\n<meta property=\"article:published_time\" content=\"2026-03-16T13:58:53+00:00\" \/>\n<meta property=\"article:modified_time\" content=\"2026-03-16T13:58:54+00:00\" \/>\n<meta property=\"og:image\" content=\"https:\/\/www.museumspass.ch\/wp-content\/uploads\/e9cc909c-d633-4886-9d56-e1a448e8446d_rw_1920.jpg\" \/>\n\t<meta property=\"og:image:width\" content=\"1920\" \/>\n\t<meta property=\"og:image:height\" content=\"1280\" \/>\n\t<meta property=\"og:image:type\" content=\"image\/jpeg\" \/>\n<meta name=\"author\" content=\"Basile\" \/>\n<meta name=\"twitter:card\" content=\"summary_large_image\" \/>\n<meta name=\"twitter:label1\" content=\"Verfasst von\" \/>\n\t<meta name=\"twitter:data1\" content=\"Basile\" \/>\n\t<meta name=\"twitter:label2\" content=\"Gesch\u00e4tzte Lesezeit\" \/>\n\t<meta name=\"twitter:data2\" content=\"10\u00a0Minuten\" \/>\n<script type=\"application\/ld+json\" class=\"yoast-schema-graph\">{\"@context\":\"https:\/\/schema.org\",\"@graph\":[{\"@type\":\"Article\",\"@id\":\"https:\/\/www.museumspass.ch\/hinter-den-kulissen-die-verwandlung-der-fondation-de-lhermitage\/#article\",\"isPartOf\":{\"@id\":\"https:\/\/www.museumspass.ch\/hinter-den-kulissen-die-verwandlung-der-fondation-de-lhermitage\/\"},\"author\":{\"name\":\"Basile\",\"@id\":\"https:\/\/www.museumspass.ch\/de\/#\/schema\/person\/203c31df7590e52a3ca993981b194550\"},\"headline\":\"Hinter den Kulissen: Die Verwandlung der Fondation de l&#8217;Hermitage\",\"datePublished\":\"2026-03-16T13:58:53+00:00\",\"dateModified\":\"2026-03-16T13:58:54+00:00\",\"mainEntityOfPage\":{\"@id\":\"https:\/\/www.museumspass.ch\/hinter-den-kulissen-die-verwandlung-der-fondation-de-lhermitage\/\"},\"wordCount\":987,\"publisher\":{\"@id\":\"https:\/\/www.museumspass.ch\/de\/#organization\"},\"image\":{\"@id\":\"https:\/\/www.museumspass.ch\/hinter-den-kulissen-die-verwandlung-der-fondation-de-lhermitage\/#primaryimage\"},\"thumbnailUrl\":\"https:\/\/www.museumspass.ch\/wp-content\/uploads\/e9cc909c-d633-4886-9d56-e1a448e8446d_rw_1920.jpg\",\"articleSection\":[\"Museums-News\"],\"inLanguage\":\"de\"},{\"@type\":\"WebPage\",\"@id\":\"https:\/\/www.museumspass.ch\/hinter-den-kulissen-die-verwandlung-der-fondation-de-lhermitage\/\",\"url\":\"https:\/\/www.museumspass.ch\/hinter-den-kulissen-die-verwandlung-der-fondation-de-lhermitage\/\",\"name\":\"Hinter den Kulissen: Die Verwandlung der Fondation de l'Hermitage - Schweizer Museumspass Fondation de l\u2019Hermitage: Ein Blick hinter die Kulissen der Renovierung\",\"isPartOf\":{\"@id\":\"https:\/\/www.museumspass.ch\/de\/#website\"},\"primaryImageOfPage\":{\"@id\":\"https:\/\/www.museumspass.ch\/hinter-den-kulissen-die-verwandlung-der-fondation-de-lhermitage\/#primaryimage\"},\"image\":{\"@id\":\"https:\/\/www.museumspass.ch\/hinter-den-kulissen-die-verwandlung-der-fondation-de-lhermitage\/#primaryimage\"},\"thumbnailUrl\":\"https:\/\/www.museumspass.ch\/wp-content\/uploads\/e9cc909c-d633-4886-9d56-e1a448e8446d_rw_1920.jpg\",\"datePublished\":\"2026-03-16T13:58:53+00:00\",\"dateModified\":\"2026-03-16T13:58:54+00:00\",\"description\":\"Stille im Salon bleu: W\u00e4hrend die Fondation de l\u2019Hermitage ihre T\u00fcren f\u00fcr eine 18-monatige Renovierung schliesst, hat unser Botschafter Dominik Gehl den Blick hinter die Kulissen gewagt. Entdecken Sie seine exklusive Fotoreportage \u00fcber ein Haus im Wandel \u2013 und erfahren Sie, wie das Programm 'on the road' die Kunst w\u00e4hrend der Bauzeit zu den Menschen bringt.\",\"breadcrumb\":{\"@id\":\"https:\/\/www.museumspass.ch\/hinter-den-kulissen-die-verwandlung-der-fondation-de-lhermitage\/#breadcrumb\"},\"inLanguage\":\"de\",\"potentialAction\":[{\"@type\":\"ReadAction\",\"target\":[\"https:\/\/www.museumspass.ch\/hinter-den-kulissen-die-verwandlung-der-fondation-de-lhermitage\/\"]}]},{\"@type\":\"ImageObject\",\"inLanguage\":\"de\",\"@id\":\"https:\/\/www.museumspass.ch\/hinter-den-kulissen-die-verwandlung-der-fondation-de-lhermitage\/#primaryimage\",\"url\":\"https:\/\/www.museumspass.ch\/wp-content\/uploads\/e9cc909c-d633-4886-9d56-e1a448e8446d_rw_1920.jpg\",\"contentUrl\":\"https:\/\/www.museumspass.ch\/wp-content\/uploads\/e9cc909c-d633-4886-9d56-e1a448e8446d_rw_1920.jpg\",\"width\":1920,\"height\":1280},{\"@type\":\"BreadcrumbList\",\"@id\":\"https:\/\/www.museumspass.ch\/hinter-den-kulissen-die-verwandlung-der-fondation-de-lhermitage\/#breadcrumb\",\"itemListElement\":[{\"@type\":\"ListItem\",\"position\":1,\"name\":\"Start\",\"item\":\"https:\/\/www.museumspass.ch\/de\/\"},{\"@type\":\"ListItem\",\"position\":2,\"name\":\"Hinter den Kulissen: Die Verwandlung der Fondation de l&#8217;Hermitage\"}]},{\"@type\":\"WebSite\",\"@id\":\"https:\/\/www.museumspass.ch\/de\/#website\",\"url\":\"https:\/\/www.museumspass.ch\/de\/\",\"name\":\"Schweizer Museumspass\",\"description\":\"1 Jahr lang kostenlosen Zugang zu \u00fcber 500 Schweizer Museen\",\"publisher\":{\"@id\":\"https:\/\/www.museumspass.ch\/de\/#organization\"},\"potentialAction\":[{\"@type\":\"SearchAction\",\"target\":{\"@type\":\"EntryPoint\",\"urlTemplate\":\"https:\/\/www.museumspass.ch\/de\/?s={search_term_string}\"},\"query-input\":{\"@type\":\"PropertyValueSpecification\",\"valueRequired\":true,\"valueName\":\"search_term_string\"}}],\"inLanguage\":\"de\"},{\"@type\":\"Organization\",\"@id\":\"https:\/\/www.museumspass.ch\/de\/#organization\",\"name\":\"Schweizer Museumspass\",\"url\":\"https:\/\/www.museumspass.ch\/de\/\",\"logo\":{\"@type\":\"ImageObject\",\"inLanguage\":\"de\",\"@id\":\"https:\/\/www.museumspass.ch\/de\/#\/schema\/logo\/image\/\",\"url\":\"https:\/\/www.museumspass.ch\/wp-content\/uploads\/Design-ohne-Titel-55.png\",\"contentUrl\":\"https:\/\/www.museumspass.ch\/wp-content\/uploads\/Design-ohne-Titel-55.png\",\"width\":1024,\"height\":576,\"caption\":\"Schweizer Museumspass\"},\"image\":{\"@id\":\"https:\/\/www.museumspass.ch\/de\/#\/schema\/logo\/image\/\"},\"sameAs\":[\"https:\/\/www.facebook.com\/SchweizerMuseumspass\/\",\"https:\/\/www.instagram.com\/museumspass\/\",\"https:\/\/www.linkedin.com\/company\/stiftung-schweizer-museumspass\/\"]},{\"@type\":\"Person\",\"@id\":\"https:\/\/www.museumspass.ch\/de\/#\/schema\/person\/203c31df7590e52a3ca993981b194550\",\"name\":\"Basile\",\"image\":{\"@type\":\"ImageObject\",\"inLanguage\":\"de\",\"@id\":\"https:\/\/www.museumspass.ch\/de\/#\/schema\/person\/image\/\",\"url\":\"https:\/\/secure.gravatar.com\/avatar\/123a9c4b6097f9a82eaef7d4a1fb0e040e8baa583dbdcc70496b9c7e8c627993?s=96&d=mm&r=g\",\"contentUrl\":\"https:\/\/secure.gravatar.com\/avatar\/123a9c4b6097f9a82eaef7d4a1fb0e040e8baa583dbdcc70496b9c7e8c627993?s=96&d=mm&r=g\",\"caption\":\"Basile\"},\"url\":\"https:\/\/www.museumspass.ch\/de\/author\/wp-basile\/\"}]}<\/script>\n<!-- \/ Yoast SEO plugin. -->","yoast_head_json":{"title":"Hinter den Kulissen: Die Verwandlung der Fondation de l'Hermitage - Schweizer Museumspass Fondation de l\u2019Hermitage: Ein Blick hinter die Kulissen der Renovierung","description":"Stille im Salon bleu: W\u00e4hrend die Fondation de l\u2019Hermitage ihre T\u00fcren f\u00fcr eine 18-monatige Renovierung schliesst, hat unser Botschafter Dominik Gehl den Blick hinter die Kulissen gewagt. Entdecken Sie seine exklusive Fotoreportage \u00fcber ein Haus im Wandel \u2013 und erfahren Sie, wie das Programm 'on the road' die Kunst w\u00e4hrend der Bauzeit zu den Menschen bringt.","robots":{"index":"index","follow":"follow","max-snippet":"max-snippet:-1","max-image-preview":"max-image-preview:large","max-video-preview":"max-video-preview:-1"},"canonical":"https:\/\/www.museumspass.ch\/de\/hinter-den-kulissen-die-verwandlung-der-fondation-de-lhermitage\/","og_locale":"de_DE","og_type":"article","og_title":"Hinter den Kulissen: Die Verwandlung der Fondation de l'Hermitage - Schweizer Museumspass Fondation de l\u2019Hermitage: Ein Blick hinter die Kulissen der Renovierung","og_description":"Stille im Salon bleu: W\u00e4hrend die Fondation de l\u2019Hermitage ihre T\u00fcren f\u00fcr eine 18-monatige Renovierung schliesst, hat unser Botschafter Dominik Gehl den Blick hinter die Kulissen gewagt. Entdecken Sie seine exklusive Fotoreportage \u00fcber ein Haus im Wandel \u2013 und erfahren Sie, wie das Programm 'on the road' die Kunst w\u00e4hrend der Bauzeit zu den Menschen bringt.","og_url":"https:\/\/www.museumspass.ch\/de\/hinter-den-kulissen-die-verwandlung-der-fondation-de-lhermitage\/","og_site_name":"Schweizer Museumspass","article_publisher":"https:\/\/www.facebook.com\/SchweizerMuseumspass\/","article_published_time":"2026-03-16T13:58:53+00:00","article_modified_time":"2026-03-16T13:58:54+00:00","og_image":[{"width":1920,"height":1280,"url":"https:\/\/www.museumspass.ch\/wp-content\/uploads\/e9cc909c-d633-4886-9d56-e1a448e8446d_rw_1920.jpg","type":"image\/jpeg"}],"author":"Basile","twitter_card":"summary_large_image","twitter_misc":{"Verfasst von":"Basile","Gesch\u00e4tzte Lesezeit":"10\u00a0Minuten"},"schema":{"@context":"https:\/\/schema.org","@graph":[{"@type":"Article","@id":"https:\/\/www.museumspass.ch\/hinter-den-kulissen-die-verwandlung-der-fondation-de-lhermitage\/#article","isPartOf":{"@id":"https:\/\/www.museumspass.ch\/hinter-den-kulissen-die-verwandlung-der-fondation-de-lhermitage\/"},"author":{"name":"Basile","@id":"https:\/\/www.museumspass.ch\/de\/#\/schema\/person\/203c31df7590e52a3ca993981b194550"},"headline":"Hinter den Kulissen: Die Verwandlung der Fondation de l&#8217;Hermitage","datePublished":"2026-03-16T13:58:53+00:00","dateModified":"2026-03-16T13:58:54+00:00","mainEntityOfPage":{"@id":"https:\/\/www.museumspass.ch\/hinter-den-kulissen-die-verwandlung-der-fondation-de-lhermitage\/"},"wordCount":987,"publisher":{"@id":"https:\/\/www.museumspass.ch\/de\/#organization"},"image":{"@id":"https:\/\/www.museumspass.ch\/hinter-den-kulissen-die-verwandlung-der-fondation-de-lhermitage\/#primaryimage"},"thumbnailUrl":"https:\/\/www.museumspass.ch\/wp-content\/uploads\/e9cc909c-d633-4886-9d56-e1a448e8446d_rw_1920.jpg","articleSection":["Museums-News"],"inLanguage":"de"},{"@type":"WebPage","@id":"https:\/\/www.museumspass.ch\/hinter-den-kulissen-die-verwandlung-der-fondation-de-lhermitage\/","url":"https:\/\/www.museumspass.ch\/hinter-den-kulissen-die-verwandlung-der-fondation-de-lhermitage\/","name":"Hinter den Kulissen: Die Verwandlung der Fondation de l'Hermitage - Schweizer Museumspass Fondation de l\u2019Hermitage: Ein Blick hinter die Kulissen der Renovierung","isPartOf":{"@id":"https:\/\/www.museumspass.ch\/de\/#website"},"primaryImageOfPage":{"@id":"https:\/\/www.museumspass.ch\/hinter-den-kulissen-die-verwandlung-der-fondation-de-lhermitage\/#primaryimage"},"image":{"@id":"https:\/\/www.museumspass.ch\/hinter-den-kulissen-die-verwandlung-der-fondation-de-lhermitage\/#primaryimage"},"thumbnailUrl":"https:\/\/www.museumspass.ch\/wp-content\/uploads\/e9cc909c-d633-4886-9d56-e1a448e8446d_rw_1920.jpg","datePublished":"2026-03-16T13:58:53+00:00","dateModified":"2026-03-16T13:58:54+00:00","description":"Stille im Salon bleu: W\u00e4hrend die Fondation de l\u2019Hermitage ihre T\u00fcren f\u00fcr eine 18-monatige Renovierung schliesst, hat unser Botschafter Dominik Gehl den Blick hinter die Kulissen gewagt. Entdecken Sie seine exklusive Fotoreportage \u00fcber ein Haus im Wandel \u2013 und erfahren Sie, wie das Programm 'on the road' die Kunst w\u00e4hrend der Bauzeit zu den Menschen bringt.","breadcrumb":{"@id":"https:\/\/www.museumspass.ch\/hinter-den-kulissen-die-verwandlung-der-fondation-de-lhermitage\/#breadcrumb"},"inLanguage":"de","potentialAction":[{"@type":"ReadAction","target":["https:\/\/www.museumspass.ch\/hinter-den-kulissen-die-verwandlung-der-fondation-de-lhermitage\/"]}]},{"@type":"ImageObject","inLanguage":"de","@id":"https:\/\/www.museumspass.ch\/hinter-den-kulissen-die-verwandlung-der-fondation-de-lhermitage\/#primaryimage","url":"https:\/\/www.museumspass.ch\/wp-content\/uploads\/e9cc909c-d633-4886-9d56-e1a448e8446d_rw_1920.jpg","contentUrl":"https:\/\/www.museumspass.ch\/wp-content\/uploads\/e9cc909c-d633-4886-9d56-e1a448e8446d_rw_1920.jpg","width":1920,"height":1280},{"@type":"BreadcrumbList","@id":"https:\/\/www.museumspass.ch\/hinter-den-kulissen-die-verwandlung-der-fondation-de-lhermitage\/#breadcrumb","itemListElement":[{"@type":"ListItem","position":1,"name":"Start","item":"https:\/\/www.museumspass.ch\/de\/"},{"@type":"ListItem","position":2,"name":"Hinter den Kulissen: Die Verwandlung der Fondation de l&#8217;Hermitage"}]},{"@type":"WebSite","@id":"https:\/\/www.museumspass.ch\/de\/#website","url":"https:\/\/www.museumspass.ch\/de\/","name":"Schweizer Museumspass","description":"1 Jahr lang kostenlosen Zugang zu \u00fcber 500 Schweizer Museen","publisher":{"@id":"https:\/\/www.museumspass.ch\/de\/#organization"},"potentialAction":[{"@type":"SearchAction","target":{"@type":"EntryPoint","urlTemplate":"https:\/\/www.museumspass.ch\/de\/?s={search_term_string}"},"query-input":{"@type":"PropertyValueSpecification","valueRequired":true,"valueName":"search_term_string"}}],"inLanguage":"de"},{"@type":"Organization","@id":"https:\/\/www.museumspass.ch\/de\/#organization","name":"Schweizer Museumspass","url":"https:\/\/www.museumspass.ch\/de\/","logo":{"@type":"ImageObject","inLanguage":"de","@id":"https:\/\/www.museumspass.ch\/de\/#\/schema\/logo\/image\/","url":"https:\/\/www.museumspass.ch\/wp-content\/uploads\/Design-ohne-Titel-55.png","contentUrl":"https:\/\/www.museumspass.ch\/wp-content\/uploads\/Design-ohne-Titel-55.png","width":1024,"height":576,"caption":"Schweizer Museumspass"},"image":{"@id":"https:\/\/www.museumspass.ch\/de\/#\/schema\/logo\/image\/"},"sameAs":["https:\/\/www.facebook.com\/SchweizerMuseumspass\/","https:\/\/www.instagram.com\/museumspass\/","https:\/\/www.linkedin.com\/company\/stiftung-schweizer-museumspass\/"]},{"@type":"Person","@id":"https:\/\/www.museumspass.ch\/de\/#\/schema\/person\/203c31df7590e52a3ca993981b194550","name":"Basile","image":{"@type":"ImageObject","inLanguage":"de","@id":"https:\/\/www.museumspass.ch\/de\/#\/schema\/person\/image\/","url":"https:\/\/secure.gravatar.com\/avatar\/123a9c4b6097f9a82eaef7d4a1fb0e040e8baa583dbdcc70496b9c7e8c627993?s=96&d=mm&r=g","contentUrl":"https:\/\/secure.gravatar.com\/avatar\/123a9c4b6097f9a82eaef7d4a1fb0e040e8baa583dbdcc70496b9c7e8c627993?s=96&d=mm&r=g","caption":"Basile"},"url":"https:\/\/www.museumspass.ch\/de\/author\/wp-basile\/"}]}},"publishpress_future_action":{"enabled":false,"date":"2026-05-08 13:46:24","action":"change-status","newStatus":"draft","terms":[],"taxonomy":"category","extraData":[]},"publishpress_future_workflow_manual_trigger":{"enabledWorkflows":[]},"_links":{"self":[{"href":"https:\/\/www.museumspass.ch\/de\/wp-json\/wp\/v2\/posts\/12294","targetHints":{"allow":["GET"]}}],"collection":[{"href":"https:\/\/www.museumspass.ch\/de\/wp-json\/wp\/v2\/posts"}],"about":[{"href":"https:\/\/www.museumspass.ch\/de\/wp-json\/wp\/v2\/types\/post"}],"author":[{"embeddable":true,"href":"https:\/\/www.museumspass.ch\/de\/wp-json\/wp\/v2\/users\/2"}],"replies":[{"embeddable":true,"href":"https:\/\/www.museumspass.ch\/de\/wp-json\/wp\/v2\/comments?post=12294"}],"version-history":[{"count":4,"href":"https:\/\/www.museumspass.ch\/de\/wp-json\/wp\/v2\/posts\/12294\/revisions"}],"predecessor-version":[{"id":12324,"href":"https:\/\/www.museumspass.ch\/de\/wp-json\/wp\/v2\/posts\/12294\/revisions\/12324"}],"wp:featuredmedia":[{"embeddable":true,"href":"https:\/\/www.museumspass.ch\/de\/wp-json\/wp\/v2\/media\/12295"}],"wp:attachment":[{"href":"https:\/\/www.museumspass.ch\/de\/wp-json\/wp\/v2\/media?parent=12294"}],"wp:term":[{"taxonomy":"category","embeddable":true,"href":"https:\/\/www.museumspass.ch\/de\/wp-json\/wp\/v2\/categories?post=12294"},{"taxonomy":"post_tag","embeddable":true,"href":"https:\/\/www.museumspass.ch\/de\/wp-json\/wp\/v2\/tags?post=12294"}],"curies":[{"name":"wp","href":"https:\/\/api.w.org\/{rel}","templated":true}]}}