{"id":12546,"date":"2026-04-30T15:44:21","date_gmt":"2026-04-30T14:44:21","guid":{"rendered":"https:\/\/www.museumspass.ch\/?p=12546"},"modified":"2026-04-30T15:44:22","modified_gmt":"2026-04-30T14:44:22","slug":"30-jahre-schweizer-museumspass-ein-jubilaeum-im-zeichen-der-kulturellen-teilhabe","status":"publish","type":"post","link":"https:\/\/www.museumspass.ch\/de\/30-jahre-schweizer-museumspass-ein-jubilaeum-im-zeichen-der-kulturellen-teilhabe\/","title":{"rendered":"30 Jahre Schweizer Museumspass: Ein Jubil\u00e4um im Zeichen der kulturellen Teilhabe"},"content":{"rendered":"\n<p><strong>Mit einem Besucherrekord und prominentem Besuch im Kunstmuseum Bern startet der Schweizer Museumspass in sein Jubil\u00e4umsjahr 2026.<\/strong><\/p>\n\n\n\n<figure class=\"wp-block-image size-large\"><img fetchpriority=\"high\" decoding=\"async\" width=\"1024\" height=\"683\" src=\"https:\/\/www.museumspass.ch\/wp-content\/uploads\/Portrait_BR_Elisabeth_Baume_Schneider-Museumspass-1024x683.jpg\" alt=\"\" class=\"wp-image-12547\" srcset=\"https:\/\/www.museumspass.ch\/wp-content\/uploads\/Portrait_BR_Elisabeth_Baume_Schneider-Museumspass-1024x683.jpg 1024w, https:\/\/www.museumspass.ch\/wp-content\/uploads\/Portrait_BR_Elisabeth_Baume_Schneider-Museumspass-300x200.jpg 300w, https:\/\/www.museumspass.ch\/wp-content\/uploads\/Portrait_BR_Elisabeth_Baume_Schneider-Museumspass-768x512.jpg 768w, https:\/\/www.museumspass.ch\/wp-content\/uploads\/Portrait_BR_Elisabeth_Baume_Schneider-Museumspass-1536x1024.jpg 1536w, https:\/\/www.museumspass.ch\/wp-content\/uploads\/Portrait_BR_Elisabeth_Baume_Schneider-Museumspass-2048x1365.jpg 2048w, https:\/\/www.museumspass.ch\/wp-content\/uploads\/Portrait_BR_Elisabeth_Baume_Schneider-Museumspass-18x12.jpg 18w\" sizes=\"(max-width: 1024px) 100vw, 1024px\" \/><figcaption class=\"wp-element-caption\"><em>Bundesr\u00e4tin Elisabeth Baume-Schneider bei der offiziellen Er\u00f6ffnung des Jubil\u00e4umsjahres im Kunstmuseum Bern.<\/em><\/figcaption><\/figure>\n\n\n\n<p>Seit drei Jahrzehnten verfolgen wir eine klare Mission: Kultur f\u00fcr alle zug\u00e4nglich zu machen. Dass wir p\u00fcnktlich zum Jubil\u00e4um die Marke von <strong>1,5 Millionen Eintritten<\/strong> geknackt haben, ist f\u00fcr uns nicht nur eine Zahl, es ist die Best\u00e4tigung f\u00fcr das ungebrochene Interesse an der Schweizer Museumslandschaft.<\/p>\n\n\n\n<h3 class=\"wp-block-heading\">Ein Auftakt mit pers\u00f6nlicher Note<\/h3>\n\n\n\n<p>Den offiziellen Startschuss gab Bundesr\u00e4tin <strong>Elisabeth Baume-Schneider<\/strong> im <a href=\"https:\/\/www.kunstmuseumbern.ch\/\" type=\"link\" id=\"https:\/\/www.kunstmuseumbern.ch\/\" target=\"_blank\" rel=\"noreferrer noopener\">Kunstmuseum Bern<\/a>. Bei einer pers\u00f6nlichen F\u00fchrung gab sie Einblick in ihre ganz eigene Sicht auf die Kunst und stellte ihr Lieblingswerk von Sophie Taeuber-Arp vor.<\/p>\n\n\n\n<p>Dieser Besuch markiert zugleich den Beginn unserer Reihe <strong>\u00abDer andere Blick\u00bb<\/strong>: \u00dcber das ganze Jahr verteilt werden Pers\u00f6nlichkeiten aus der Schweiz F\u00fchrungen leiten und ihre individuellen Perspektiven auf verschiedene Werke mit der \u00d6ffentlichkeit teilen.<\/p>\n\n\n\n<h3 class=\"wp-block-heading\">Das erwartet Sie im Jubil\u00e4umsjahr 2026<\/h3>\n\n\n\n<p>Wir feiern nicht nur die Vergangenheit, sondern setzen neue Impulse f\u00fcr die Zukunft:<\/p>\n\n\n\n<ul class=\"wp-block-list\">\n<li><strong>Prominente Perspektiven:<\/strong> Einzigartige F\u00fchrungen mit G\u00e4sten aus Gesellschaft und Kultur schweizweit.<\/li>\n\n\n\n<li><strong>Ihre Stimme z\u00e4hlt:<\/strong> Zum ersten Mal wird der <strong><a href=\"https:\/\/www.museumspass.ch\/de\/museumspreis\/\" type=\"link\" id=\"https:\/\/www.museumspass.ch\/de\/museumspreis\/\" target=\"_blank\" rel=\"noreferrer noopener\">Schweizer Museumspreis<\/a><\/strong> verliehen und das Publikum entscheidet, wer ihn erh\u00e4lt.<\/li>\n\n\n\n<li><strong>Kultur f\u00fcr alle:<\/strong> Durch verst\u00e4rkte Kooperationen mit der <em>Caritas<\/em>, <em>Pro Senectute<\/em> und der <em>Reka Stiftung<\/em> bauen wir Barrieren weiter ab.<\/li>\n\n\n\n<li><strong>Teilen Sie Ihre Momente:<\/strong> Unter dem Hashtag <strong><a href=\"https:\/\/www.museumspass.ch\/de\/dreissig-jahre-schweizer-museumspass\/wettbewerb\/\" type=\"link\" id=\"https:\/\/www.museumspass.ch\/de\/dreissig-jahre-schweizer-museumspass\/wettbewerb\/\" target=\"_blank\" rel=\"noreferrer noopener\">#IloveSwissMuseums<\/a><\/strong> laden wir Sie ein, Teil unserer digitalen Jubil\u00e4umskampagne zu werden.<\/li>\n<\/ul>\n\n\n\n<h3 class=\"wp-block-heading\">Von einer Idee zur Bewegung<\/h3>\n\n\n\n<p>Was 1996 als Pionierprojekt des Bundesamts f\u00fcr Kultur, Schweiz Tourismus und des Verbands Schweizer Museen begann, ist heute eine feste S\u00e4ule unserer Identit\u00e4t. Mit \u00fcber <strong>500 angeschlossenen Museen<\/strong> verbinden wir Menschen, Regionen und Geschichten.<\/p>\n\n\n\n<p>Wir freuen uns darauf, dieses Jahr gemeinsam mit Ihnen zu feiern.<\/p>\n\n\n\n<p><a href=\"https:\/\/www.museumspass.ch\/de\/dreissig-jahre-schweizer-museumspass\/\" type=\"link\" id=\"https:\/\/www.museumspass.ch\/de\/dreissig-jahre-schweizer-museumspass\/\">Hier geht&#8217;s zur Jubil\u00e4umsseite -><\/a><\/p>\n","protected":false},"excerpt":{"rendered":"<p>Mit einem Besucherrekord und prominentem Besuch im Kunstmuseum Bern startet der Schweizer Museumspass in sein Jubil\u00e4umsjahr 2026. Seit drei Jahrzehnten verfolgen wir eine klare Mission: Kultur f\u00fcr alle zug\u00e4nglich zu machen. Dass wir p\u00fcnktlich zum Jubil\u00e4um die Marke von 1,5 Millionen Eintritten geknackt haben, ist f\u00fcr uns nicht nur eine Zahl, es ist die Best\u00e4tigung [&hellip;]<\/p>\n","protected":false},"author":2,"featured_media":12547,"comment_status":"open","ping_status":"open","sticky":false,"template":"","format":"standard","meta":{"footnotes":""},"categories":[67],"tags":[],"class_list":["post-12546","post","type-post","status-publish","format-standard","has-post-thumbnail","hentry","category-jubilaeum"],"yoast_head":"<!-- This site is optimized with the Yoast SEO plugin v26.8 - https:\/\/yoast.com\/product\/yoast-seo-wordpress\/ -->\n<title>30 Jahre Schweizer Museumspass: Ein Jubil\u00e4um im Zeichen der kulturellen Teilhabe - Schweizer Museumspass<\/title>\n<meta name=\"description\" content=\"Zum Jubil\u00e4um 30 Jahre Schweizer Museumspass pr\u00e4sentiert Elisabeth Baume-Schneider ihr Lieblingswerk im Kunstmuseum Bern. Entdecken Sie die Highlights und unseren Wettbewerb!\" \/>\n<meta name=\"robots\" content=\"index, follow, max-snippet:-1, max-image-preview:large, max-video-preview:-1\" \/>\n<link rel=\"canonical\" href=\"https:\/\/www.museumspass.ch\/de\/30-jahre-schweizer-museumspass-ein-jubilaeum-im-zeichen-der-kulturellen-teilhabe\/\" \/>\n<meta property=\"og:locale\" content=\"de_DE\" \/>\n<meta property=\"og:type\" content=\"article\" \/>\n<meta property=\"og:title\" content=\"30 Jahre Schweizer Museumspass: Ein Jubil\u00e4um im Zeichen der kulturellen Teilhabe - Schweizer Museumspass\" \/>\n<meta property=\"og:description\" content=\"Zum Jubil\u00e4um 30 Jahre Schweizer Museumspass pr\u00e4sentiert Elisabeth Baume-Schneider ihr Lieblingswerk im Kunstmuseum Bern. Entdecken Sie die Highlights und unseren Wettbewerb!\" \/>\n<meta property=\"og:url\" content=\"https:\/\/www.museumspass.ch\/de\/30-jahre-schweizer-museumspass-ein-jubilaeum-im-zeichen-der-kulturellen-teilhabe\/\" \/>\n<meta property=\"og:site_name\" content=\"Schweizer Museumspass\" \/>\n<meta property=\"article:publisher\" content=\"https:\/\/www.facebook.com\/SchweizerMuseumspass\/\" \/>\n<meta property=\"article:published_time\" content=\"2026-04-30T14:44:21+00:00\" \/>\n<meta property=\"article:modified_time\" content=\"2026-04-30T14:44:22+00:00\" \/>\n<meta property=\"og:image\" content=\"https:\/\/www.museumspass.ch\/wp-content\/uploads\/Portrait_BR_Elisabeth_Baume_Schneider-Museumspass-scaled.jpg\" \/>\n\t<meta property=\"og:image:width\" content=\"2560\" \/>\n\t<meta property=\"og:image:height\" content=\"1707\" \/>\n\t<meta property=\"og:image:type\" content=\"image\/jpeg\" \/>\n<meta name=\"author\" content=\"Basile\" \/>\n<meta name=\"twitter:card\" content=\"summary_large_image\" \/>\n<meta name=\"twitter:label1\" content=\"Verfasst von\" \/>\n\t<meta name=\"twitter:data1\" content=\"Basile\" \/>\n\t<meta name=\"twitter:label2\" content=\"Gesch\u00e4tzte Lesezeit\" \/>\n\t<meta name=\"twitter:data2\" content=\"3\u00a0Minuten\" \/>\n<script type=\"application\/ld+json\" class=\"yoast-schema-graph\">{\"@context\":\"https:\/\/schema.org\",\"@graph\":[{\"@type\":\"Article\",\"@id\":\"https:\/\/www.museumspass.ch\/30-jahre-schweizer-museumspass-ein-jubilaeum-im-zeichen-der-kulturellen-teilhabe\/#article\",\"isPartOf\":{\"@id\":\"https:\/\/www.museumspass.ch\/30-jahre-schweizer-museumspass-ein-jubilaeum-im-zeichen-der-kulturellen-teilhabe\/\"},\"author\":{\"name\":\"Basile\",\"@id\":\"https:\/\/www.museumspass.ch\/de\/#\/schema\/person\/203c31df7590e52a3ca993981b194550\"},\"headline\":\"30 Jahre Schweizer Museumspass: Ein Jubil\u00e4um im Zeichen der kulturellen Teilhabe\",\"datePublished\":\"2026-04-30T14:44:21+00:00\",\"dateModified\":\"2026-04-30T14:44:22+00:00\",\"mainEntityOfPage\":{\"@id\":\"https:\/\/www.museumspass.ch\/30-jahre-schweizer-museumspass-ein-jubilaeum-im-zeichen-der-kulturellen-teilhabe\/\"},\"wordCount\":325,\"commentCount\":0,\"publisher\":{\"@id\":\"https:\/\/www.museumspass.ch\/de\/#organization\"},\"image\":{\"@id\":\"https:\/\/www.museumspass.ch\/30-jahre-schweizer-museumspass-ein-jubilaeum-im-zeichen-der-kulturellen-teilhabe\/#primaryimage\"},\"thumbnailUrl\":\"https:\/\/www.museumspass.ch\/wp-content\/uploads\/Portrait_BR_Elisabeth_Baume_Schneider-Museumspass-scaled.jpg\",\"articleSection\":[\"Jubil\u00e4um\"],\"inLanguage\":\"de\",\"potentialAction\":[{\"@type\":\"CommentAction\",\"name\":\"Comment\",\"target\":[\"https:\/\/www.museumspass.ch\/30-jahre-schweizer-museumspass-ein-jubilaeum-im-zeichen-der-kulturellen-teilhabe\/#respond\"]}]},{\"@type\":\"WebPage\",\"@id\":\"https:\/\/www.museumspass.ch\/30-jahre-schweizer-museumspass-ein-jubilaeum-im-zeichen-der-kulturellen-teilhabe\/\",\"url\":\"https:\/\/www.museumspass.ch\/30-jahre-schweizer-museumspass-ein-jubilaeum-im-zeichen-der-kulturellen-teilhabe\/\",\"name\":\"30 Jahre Schweizer Museumspass: Ein Jubil\u00e4um im Zeichen der kulturellen Teilhabe - Schweizer Museumspass\",\"isPartOf\":{\"@id\":\"https:\/\/www.museumspass.ch\/de\/#website\"},\"primaryImageOfPage\":{\"@id\":\"https:\/\/www.museumspass.ch\/30-jahre-schweizer-museumspass-ein-jubilaeum-im-zeichen-der-kulturellen-teilhabe\/#primaryimage\"},\"image\":{\"@id\":\"https:\/\/www.museumspass.ch\/30-jahre-schweizer-museumspass-ein-jubilaeum-im-zeichen-der-kulturellen-teilhabe\/#primaryimage\"},\"thumbnailUrl\":\"https:\/\/www.museumspass.ch\/wp-content\/uploads\/Portrait_BR_Elisabeth_Baume_Schneider-Museumspass-scaled.jpg\",\"datePublished\":\"2026-04-30T14:44:21+00:00\",\"dateModified\":\"2026-04-30T14:44:22+00:00\",\"description\":\"Zum Jubil\u00e4um 30 Jahre Schweizer Museumspass pr\u00e4sentiert Elisabeth Baume-Schneider ihr Lieblingswerk im Kunstmuseum Bern. Entdecken Sie die Highlights und unseren Wettbewerb!\",\"breadcrumb\":{\"@id\":\"https:\/\/www.museumspass.ch\/30-jahre-schweizer-museumspass-ein-jubilaeum-im-zeichen-der-kulturellen-teilhabe\/#breadcrumb\"},\"inLanguage\":\"de\",\"potentialAction\":[{\"@type\":\"ReadAction\",\"target\":[\"https:\/\/www.museumspass.ch\/30-jahre-schweizer-museumspass-ein-jubilaeum-im-zeichen-der-kulturellen-teilhabe\/\"]}]},{\"@type\":\"ImageObject\",\"inLanguage\":\"de\",\"@id\":\"https:\/\/www.museumspass.ch\/30-jahre-schweizer-museumspass-ein-jubilaeum-im-zeichen-der-kulturellen-teilhabe\/#primaryimage\",\"url\":\"https:\/\/www.museumspass.ch\/wp-content\/uploads\/Portrait_BR_Elisabeth_Baume_Schneider-Museumspass-scaled.jpg\",\"contentUrl\":\"https:\/\/www.museumspass.ch\/wp-content\/uploads\/Portrait_BR_Elisabeth_Baume_Schneider-Museumspass-scaled.jpg\",\"width\":2560,\"height\":1707},{\"@type\":\"BreadcrumbList\",\"@id\":\"https:\/\/www.museumspass.ch\/30-jahre-schweizer-museumspass-ein-jubilaeum-im-zeichen-der-kulturellen-teilhabe\/#breadcrumb\",\"itemListElement\":[{\"@type\":\"ListItem\",\"position\":1,\"name\":\"Start\",\"item\":\"https:\/\/www.museumspass.ch\/de\/\"},{\"@type\":\"ListItem\",\"position\":2,\"name\":\"30 Jahre Schweizer Museumspass: Ein Jubil\u00e4um im Zeichen der kulturellen Teilhabe\"}]},{\"@type\":\"WebSite\",\"@id\":\"https:\/\/www.museumspass.ch\/de\/#website\",\"url\":\"https:\/\/www.museumspass.ch\/de\/\",\"name\":\"Schweizer Museumspass\",\"description\":\"1 Jahr lang kostenlosen Zugang zu \u00fcber 500 Schweizer Museen\",\"publisher\":{\"@id\":\"https:\/\/www.museumspass.ch\/de\/#organization\"},\"potentialAction\":[{\"@type\":\"SearchAction\",\"target\":{\"@type\":\"EntryPoint\",\"urlTemplate\":\"https:\/\/www.museumspass.ch\/de\/?s={search_term_string}\"},\"query-input\":{\"@type\":\"PropertyValueSpecification\",\"valueRequired\":true,\"valueName\":\"search_term_string\"}}],\"inLanguage\":\"de\"},{\"@type\":\"Organization\",\"@id\":\"https:\/\/www.museumspass.ch\/de\/#organization\",\"name\":\"Schweizer Museumspass\",\"url\":\"https:\/\/www.museumspass.ch\/de\/\",\"logo\":{\"@type\":\"ImageObject\",\"inLanguage\":\"de\",\"@id\":\"https:\/\/www.museumspass.ch\/de\/#\/schema\/logo\/image\/\",\"url\":\"https:\/\/www.museumspass.ch\/wp-content\/uploads\/Design-ohne-Titel-55.png\",\"contentUrl\":\"https:\/\/www.museumspass.ch\/wp-content\/uploads\/Design-ohne-Titel-55.png\",\"width\":1024,\"height\":576,\"caption\":\"Schweizer Museumspass\"},\"image\":{\"@id\":\"https:\/\/www.museumspass.ch\/de\/#\/schema\/logo\/image\/\"},\"sameAs\":[\"https:\/\/www.facebook.com\/SchweizerMuseumspass\/\",\"https:\/\/www.instagram.com\/museumspass\/\",\"https:\/\/www.linkedin.com\/company\/stiftung-schweizer-museumspass\/\"]},{\"@type\":\"Person\",\"@id\":\"https:\/\/www.museumspass.ch\/de\/#\/schema\/person\/203c31df7590e52a3ca993981b194550\",\"name\":\"Basile\",\"image\":{\"@type\":\"ImageObject\",\"inLanguage\":\"de\",\"@id\":\"https:\/\/www.museumspass.ch\/de\/#\/schema\/person\/image\/\",\"url\":\"https:\/\/secure.gravatar.com\/avatar\/123a9c4b6097f9a82eaef7d4a1fb0e040e8baa583dbdcc70496b9c7e8c627993?s=96&d=mm&r=g\",\"contentUrl\":\"https:\/\/secure.gravatar.com\/avatar\/123a9c4b6097f9a82eaef7d4a1fb0e040e8baa583dbdcc70496b9c7e8c627993?s=96&d=mm&r=g\",\"caption\":\"Basile\"},\"url\":\"https:\/\/www.museumspass.ch\/de\/author\/wp-basile\/\"}]}<\/script>\n<!-- \/ Yoast SEO plugin. -->","yoast_head_json":{"title":"30 Jahre Schweizer Museumspass: Ein Jubil\u00e4um im Zeichen der kulturellen Teilhabe - Schweizer Museumspass","description":"Zum Jubil\u00e4um 30 Jahre Schweizer Museumspass pr\u00e4sentiert Elisabeth Baume-Schneider ihr Lieblingswerk im Kunstmuseum Bern. Entdecken Sie die Highlights und unseren Wettbewerb!","robots":{"index":"index","follow":"follow","max-snippet":"max-snippet:-1","max-image-preview":"max-image-preview:large","max-video-preview":"max-video-preview:-1"},"canonical":"https:\/\/www.museumspass.ch\/de\/30-jahre-schweizer-museumspass-ein-jubilaeum-im-zeichen-der-kulturellen-teilhabe\/","og_locale":"de_DE","og_type":"article","og_title":"30 Jahre Schweizer Museumspass: Ein Jubil\u00e4um im Zeichen der kulturellen Teilhabe - Schweizer Museumspass","og_description":"Zum Jubil\u00e4um 30 Jahre Schweizer Museumspass pr\u00e4sentiert Elisabeth Baume-Schneider ihr Lieblingswerk im Kunstmuseum Bern. Entdecken Sie die Highlights und unseren Wettbewerb!","og_url":"https:\/\/www.museumspass.ch\/de\/30-jahre-schweizer-museumspass-ein-jubilaeum-im-zeichen-der-kulturellen-teilhabe\/","og_site_name":"Schweizer Museumspass","article_publisher":"https:\/\/www.facebook.com\/SchweizerMuseumspass\/","article_published_time":"2026-04-30T14:44:21+00:00","article_modified_time":"2026-04-30T14:44:22+00:00","og_image":[{"width":2560,"height":1707,"url":"https:\/\/www.museumspass.ch\/wp-content\/uploads\/Portrait_BR_Elisabeth_Baume_Schneider-Museumspass-scaled.jpg","type":"image\/jpeg"}],"author":"Basile","twitter_card":"summary_large_image","twitter_misc":{"Verfasst von":"Basile","Gesch\u00e4tzte Lesezeit":"3\u00a0Minuten"},"schema":{"@context":"https:\/\/schema.org","@graph":[{"@type":"Article","@id":"https:\/\/www.museumspass.ch\/30-jahre-schweizer-museumspass-ein-jubilaeum-im-zeichen-der-kulturellen-teilhabe\/#article","isPartOf":{"@id":"https:\/\/www.museumspass.ch\/30-jahre-schweizer-museumspass-ein-jubilaeum-im-zeichen-der-kulturellen-teilhabe\/"},"author":{"name":"Basile","@id":"https:\/\/www.museumspass.ch\/de\/#\/schema\/person\/203c31df7590e52a3ca993981b194550"},"headline":"30 Jahre Schweizer Museumspass: Ein Jubil\u00e4um im Zeichen der kulturellen Teilhabe","datePublished":"2026-04-30T14:44:21+00:00","dateModified":"2026-04-30T14:44:22+00:00","mainEntityOfPage":{"@id":"https:\/\/www.museumspass.ch\/30-jahre-schweizer-museumspass-ein-jubilaeum-im-zeichen-der-kulturellen-teilhabe\/"},"wordCount":325,"commentCount":0,"publisher":{"@id":"https:\/\/www.museumspass.ch\/de\/#organization"},"image":{"@id":"https:\/\/www.museumspass.ch\/30-jahre-schweizer-museumspass-ein-jubilaeum-im-zeichen-der-kulturellen-teilhabe\/#primaryimage"},"thumbnailUrl":"https:\/\/www.museumspass.ch\/wp-content\/uploads\/Portrait_BR_Elisabeth_Baume_Schneider-Museumspass-scaled.jpg","articleSection":["Jubil\u00e4um"],"inLanguage":"de","potentialAction":[{"@type":"CommentAction","name":"Comment","target":["https:\/\/www.museumspass.ch\/30-jahre-schweizer-museumspass-ein-jubilaeum-im-zeichen-der-kulturellen-teilhabe\/#respond"]}]},{"@type":"WebPage","@id":"https:\/\/www.museumspass.ch\/30-jahre-schweizer-museumspass-ein-jubilaeum-im-zeichen-der-kulturellen-teilhabe\/","url":"https:\/\/www.museumspass.ch\/30-jahre-schweizer-museumspass-ein-jubilaeum-im-zeichen-der-kulturellen-teilhabe\/","name":"30 Jahre Schweizer Museumspass: Ein Jubil\u00e4um im Zeichen der kulturellen Teilhabe - Schweizer Museumspass","isPartOf":{"@id":"https:\/\/www.museumspass.ch\/de\/#website"},"primaryImageOfPage":{"@id":"https:\/\/www.museumspass.ch\/30-jahre-schweizer-museumspass-ein-jubilaeum-im-zeichen-der-kulturellen-teilhabe\/#primaryimage"},"image":{"@id":"https:\/\/www.museumspass.ch\/30-jahre-schweizer-museumspass-ein-jubilaeum-im-zeichen-der-kulturellen-teilhabe\/#primaryimage"},"thumbnailUrl":"https:\/\/www.museumspass.ch\/wp-content\/uploads\/Portrait_BR_Elisabeth_Baume_Schneider-Museumspass-scaled.jpg","datePublished":"2026-04-30T14:44:21+00:00","dateModified":"2026-04-30T14:44:22+00:00","description":"Zum Jubil\u00e4um 30 Jahre Schweizer Museumspass pr\u00e4sentiert Elisabeth Baume-Schneider ihr Lieblingswerk im Kunstmuseum Bern. Entdecken Sie die Highlights und unseren Wettbewerb!","breadcrumb":{"@id":"https:\/\/www.museumspass.ch\/30-jahre-schweizer-museumspass-ein-jubilaeum-im-zeichen-der-kulturellen-teilhabe\/#breadcrumb"},"inLanguage":"de","potentialAction":[{"@type":"ReadAction","target":["https:\/\/www.museumspass.ch\/30-jahre-schweizer-museumspass-ein-jubilaeum-im-zeichen-der-kulturellen-teilhabe\/"]}]},{"@type":"ImageObject","inLanguage":"de","@id":"https:\/\/www.museumspass.ch\/30-jahre-schweizer-museumspass-ein-jubilaeum-im-zeichen-der-kulturellen-teilhabe\/#primaryimage","url":"https:\/\/www.museumspass.ch\/wp-content\/uploads\/Portrait_BR_Elisabeth_Baume_Schneider-Museumspass-scaled.jpg","contentUrl":"https:\/\/www.museumspass.ch\/wp-content\/uploads\/Portrait_BR_Elisabeth_Baume_Schneider-Museumspass-scaled.jpg","width":2560,"height":1707},{"@type":"BreadcrumbList","@id":"https:\/\/www.museumspass.ch\/30-jahre-schweizer-museumspass-ein-jubilaeum-im-zeichen-der-kulturellen-teilhabe\/#breadcrumb","itemListElement":[{"@type":"ListItem","position":1,"name":"Start","item":"https:\/\/www.museumspass.ch\/de\/"},{"@type":"ListItem","position":2,"name":"30 Jahre Schweizer Museumspass: Ein Jubil\u00e4um im Zeichen der kulturellen Teilhabe"}]},{"@type":"WebSite","@id":"https:\/\/www.museumspass.ch\/de\/#website","url":"https:\/\/www.museumspass.ch\/de\/","name":"Schweizer Museumspass","description":"1 Jahr lang kostenlosen Zugang zu \u00fcber 500 Schweizer Museen","publisher":{"@id":"https:\/\/www.museumspass.ch\/de\/#organization"},"potentialAction":[{"@type":"SearchAction","target":{"@type":"EntryPoint","urlTemplate":"https:\/\/www.museumspass.ch\/de\/?s={search_term_string}"},"query-input":{"@type":"PropertyValueSpecification","valueRequired":true,"valueName":"search_term_string"}}],"inLanguage":"de"},{"@type":"Organization","@id":"https:\/\/www.museumspass.ch\/de\/#organization","name":"Schweizer Museumspass","url":"https:\/\/www.museumspass.ch\/de\/","logo":{"@type":"ImageObject","inLanguage":"de","@id":"https:\/\/www.museumspass.ch\/de\/#\/schema\/logo\/image\/","url":"https:\/\/www.museumspass.ch\/wp-content\/uploads\/Design-ohne-Titel-55.png","contentUrl":"https:\/\/www.museumspass.ch\/wp-content\/uploads\/Design-ohne-Titel-55.png","width":1024,"height":576,"caption":"Schweizer Museumspass"},"image":{"@id":"https:\/\/www.museumspass.ch\/de\/#\/schema\/logo\/image\/"},"sameAs":["https:\/\/www.facebook.com\/SchweizerMuseumspass\/","https:\/\/www.instagram.com\/museumspass\/","https:\/\/www.linkedin.com\/company\/stiftung-schweizer-museumspass\/"]},{"@type":"Person","@id":"https:\/\/www.museumspass.ch\/de\/#\/schema\/person\/203c31df7590e52a3ca993981b194550","name":"Basile","image":{"@type":"ImageObject","inLanguage":"de","@id":"https:\/\/www.museumspass.ch\/de\/#\/schema\/person\/image\/","url":"https:\/\/secure.gravatar.com\/avatar\/123a9c4b6097f9a82eaef7d4a1fb0e040e8baa583dbdcc70496b9c7e8c627993?s=96&d=mm&r=g","contentUrl":"https:\/\/secure.gravatar.com\/avatar\/123a9c4b6097f9a82eaef7d4a1fb0e040e8baa583dbdcc70496b9c7e8c627993?s=96&d=mm&r=g","caption":"Basile"},"url":"https:\/\/www.museumspass.ch\/de\/author\/wp-basile\/"}]}},"publishpress_future_action":{"enabled":false,"date":"2026-05-08 13:43:33","action":"change-status","newStatus":"draft","terms":[],"taxonomy":"category","extraData":[]},"publishpress_future_workflow_manual_trigger":{"enabledWorkflows":[]},"_links":{"self":[{"href":"https:\/\/www.museumspass.ch\/de\/wp-json\/wp\/v2\/posts\/12546","targetHints":{"allow":["GET"]}}],"collection":[{"href":"https:\/\/www.museumspass.ch\/de\/wp-json\/wp\/v2\/posts"}],"about":[{"href":"https:\/\/www.museumspass.ch\/de\/wp-json\/wp\/v2\/types\/post"}],"author":[{"embeddable":true,"href":"https:\/\/www.museumspass.ch\/de\/wp-json\/wp\/v2\/users\/2"}],"replies":[{"embeddable":true,"href":"https:\/\/www.museumspass.ch\/de\/wp-json\/wp\/v2\/comments?post=12546"}],"version-history":[{"count":1,"href":"https:\/\/www.museumspass.ch\/de\/wp-json\/wp\/v2\/posts\/12546\/revisions"}],"predecessor-version":[{"id":12548,"href":"https:\/\/www.museumspass.ch\/de\/wp-json\/wp\/v2\/posts\/12546\/revisions\/12548"}],"wp:featuredmedia":[{"embeddable":true,"href":"https:\/\/www.museumspass.ch\/de\/wp-json\/wp\/v2\/media\/12547"}],"wp:attachment":[{"href":"https:\/\/www.museumspass.ch\/de\/wp-json\/wp\/v2\/media?parent=12546"}],"wp:term":[{"taxonomy":"category","embeddable":true,"href":"https:\/\/www.museumspass.ch\/de\/wp-json\/wp\/v2\/categories?post=12546"},{"taxonomy":"post_tag","embeddable":true,"href":"https:\/\/www.museumspass.ch\/de\/wp-json\/wp\/v2\/tags?post=12546"}],"curies":[{"name":"wp","href":"https:\/\/api.w.org\/{rel}","templated":true}]}}