{"id":12546,"date":"2026-04-30T15:44:21","date_gmt":"2026-04-30T14:44:21","guid":{"rendered":"https:\/\/www.museumspass.ch\/?p=12546"},"modified":"2026-04-30T15:44:22","modified_gmt":"2026-04-30T14:44:22","slug":"30-years-swiss-museum-pass-an-anniversary-of-cultural-participation","status":"publish","type":"post","link":"https:\/\/www.museumspass.ch\/en\/30-years-swiss-museum-pass-an-anniversary-of-cultural-participation\/","title":{"rendered":"30 Years of the Swiss Museum Pass: An Anniversary of Cultural Participation"},"content":{"rendered":"<p><strong>With a record number of visitors and a prominent guest at the Bern Museum of Art, the Swiss Museum Pass is kicking off its anniversary year 2026.<\/strong><\/p>\n\n\n\n<figure class=\"wp-block-image size-large\"><img fetchpriority=\"high\" decoding=\"async\" width=\"1024\" height=\"683\" src=\"https:\/\/www.museumspass.ch\/wp-content\/uploads\/Portrait_BR_Elisabeth_Baume_Schneider-Museumspass-1024x683.jpg\" alt=\"\" class=\"wp-image-12547\" srcset=\"https:\/\/www.museumspass.ch\/wp-content\/uploads\/Portrait_BR_Elisabeth_Baume_Schneider-Museumspass-1024x683.jpg 1024w, https:\/\/www.museumspass.ch\/wp-content\/uploads\/Portrait_BR_Elisabeth_Baume_Schneider-Museumspass-300x200.jpg 300w, https:\/\/www.museumspass.ch\/wp-content\/uploads\/Portrait_BR_Elisabeth_Baume_Schneider-Museumspass-768x512.jpg 768w, https:\/\/www.museumspass.ch\/wp-content\/uploads\/Portrait_BR_Elisabeth_Baume_Schneider-Museumspass-1536x1024.jpg 1536w, https:\/\/www.museumspass.ch\/wp-content\/uploads\/Portrait_BR_Elisabeth_Baume_Schneider-Museumspass-2048x1365.jpg 2048w, https:\/\/www.museumspass.ch\/wp-content\/uploads\/Portrait_BR_Elisabeth_Baume_Schneider-Museumspass-18x12.jpg 18w\" sizes=\"(max-width: 1024px) 100vw, 1024px\" \/><figcaption class=\"wp-element-caption\"><em>Federal Councillor Elisabeth Baume-Schneider at the official opening of the anniversary year at the Bern Museum of Art.<\/em><\/figcaption><\/figure>\n\n\n\n<p>For three decades, we have pursued a clear mission: to make culture accessible to everyone. That we have reached the milestone of <strong>1.5 million admissions<\/strong> cracked, is not just a number for us, it is confirmation of the unbroken interest in the Swiss museum landscape.<\/p>\n\n\n\n<h3 class=\"wp-block-heading\">A personal kickoff<\/h3>\n\n\n\n<p>Federal Councillor gave the official start signal <strong>Elisabeth Baume-Schneider<\/strong> in the <a href=\"https:\/\/www.kunstmuseumbern.ch\/\" type=\"link\" id=\"https:\/\/www.kunstmuseumbern.ch\/\" target=\"_blank\" rel=\"noreferrer noopener\">Bern Art Museum<\/a>. During a personal tour, she offered insight into her unique perspective on art and presented her favorite work by Sophie Taeuber-Arp.<\/p>\n\n\n\n<p>This visit also marks the beginning of our series <strong>\u00abThe Other Gaze\u00bb<\/strong>Throughout the year, personalities from Switzerland will lead tours and share their individual perspectives on various works with the public.<\/p>\n\n\n\n<h3 class=\"wp-block-heading\">What awaits you in the anniversary year 2026<\/h3>\n\n\n\n<p>We are not only celebrating the past but also setting new impulses for the future:<\/p>\n\n\n\n<ul class=\"wp-block-list\">\n<li><strong>Prominent Perspectives<\/strong> Unique guided tours with guests from society and culture throughout Switzerland.<\/li>\n\n\n\n<li><strong>Your voice counts:<\/strong> For the first time, the <strong><a href=\"https:\/\/www.museumspass.ch\/de\/museumspreis\/\" type=\"link\" id=\"https:\/\/www.museumspass.ch\/de\/museumspreis\/\" target=\"_blank\" rel=\"noreferrer noopener\">Swiss Museum Prize<\/a><\/strong> and the audience decides who receives it.<\/li>\n\n\n\n<li><strong>Culture for all:<\/strong> Through intensified cooperation with the <em>Charity<\/em>, <em>Pro Senectute<\/em> and the <em>Reka Foundation<\/em> we are further dismantling barriers.<\/li>\n\n\n\n<li><strong>Share your moments:<\/strong> Under the hashtag <strong><a href=\"https:\/\/www.museumspass.ch\/de\/dreissig-jahre-schweizer-museumspass\/wettbewerb\/\" type=\"link\" id=\"https:\/\/www.museumspass.ch\/de\/dreissig-jahre-schweizer-museumspass\/wettbewerb\/\" target=\"_blank\" rel=\"noreferrer noopener\">#IloveSwissMuseums<\/a><\/strong> We invite you to be a part of our digital anniversary campaign.<\/li>\n<\/ul>\n\n\n\n<h3 class=\"wp-block-heading\">From an idea to a movement<\/h3>\n\n\n\n<p>What began in 1996 as a pioneering project of the Federal Office of Culture, Switzerland Tourism, and the Association of Swiss Museums is today a firm pillar of our identity. With over <strong>500 connected museums<\/strong> We connect people, regions, and stories.<\/p>\n\n\n\n<p>We look forward to celebrating with you this year.<\/p>\n\n\n\n<p><a href=\"https:\/\/www.museumspass.ch\/de\/dreissig-jahre-schweizer-museumspass\/\" type=\"link\" id=\"https:\/\/www.museumspass.ch\/de\/dreissig-jahre-schweizer-museumspass\/\">Go here for the anniversary page -&gt;<\/a><\/p>","protected":false},"excerpt":{"rendered":"<p>With a record number of visitors and a prominent guest at the Bern Museum of Art, the Swiss Museum Pass is launching its anniversary year 2026. For three decades, we have pursued a clear mission: to make culture accessible to everyone. That we have surpassed the mark of 1.5 million admissions right on time for our anniversary is not just a number for us; it is confirmation [\u2026]<\/p>","protected":false},"author":2,"featured_media":12547,"comment_status":"open","ping_status":"open","sticky":false,"template":"","format":"standard","meta":{"footnotes":""},"categories":[67],"tags":[],"class_list":["post-12546","post","type-post","status-publish","format-standard","has-post-thumbnail","hentry","category-jubilaeum"],"yoast_head":"<!-- This site is optimized with the Yoast SEO plugin v26.8 - https:\/\/yoast.com\/product\/yoast-seo-wordpress\/ -->\n<title>30 Jahre Schweizer Museumspass: Ein Jubil\u00e4um im Zeichen der kulturellen Teilhabe - Schweizer Museumspass<\/title>\n<meta name=\"description\" content=\"Zum Jubil\u00e4um 30 Jahre Schweizer Museumspass pr\u00e4sentiert Elisabeth Baume-Schneider ihr Lieblingswerk im Kunstmuseum Bern. Entdecken Sie die Highlights und unseren Wettbewerb!\" \/>\n<meta name=\"robots\" content=\"index, follow, max-snippet:-1, max-image-preview:large, max-video-preview:-1\" \/>\n<link rel=\"canonical\" href=\"https:\/\/www.museumspass.ch\/en\/30-years-swiss-museum-pass-an-anniversary-of-cultural-participation\/\" \/>\n<meta property=\"og:locale\" content=\"en_US\" \/>\n<meta property=\"og:type\" content=\"article\" \/>\n<meta property=\"og:title\" content=\"30 Jahre Schweizer Museumspass: Ein Jubil\u00e4um im Zeichen der kulturellen Teilhabe - Schweizer Museumspass\" \/>\n<meta property=\"og:description\" content=\"Zum Jubil\u00e4um 30 Jahre Schweizer Museumspass pr\u00e4sentiert Elisabeth Baume-Schneider ihr Lieblingswerk im Kunstmuseum Bern. Entdecken Sie die Highlights und unseren Wettbewerb!\" \/>\n<meta property=\"og:url\" content=\"https:\/\/www.museumspass.ch\/en\/30-years-swiss-museum-pass-an-anniversary-of-cultural-participation\/\" \/>\n<meta property=\"og:site_name\" content=\"Schweizer Museumspass\" \/>\n<meta property=\"article:publisher\" content=\"https:\/\/www.facebook.com\/SchweizerMuseumspass\/\" \/>\n<meta property=\"article:published_time\" content=\"2026-04-30T14:44:21+00:00\" \/>\n<meta property=\"article:modified_time\" content=\"2026-04-30T14:44:22+00:00\" \/>\n<meta property=\"og:image\" content=\"https:\/\/www.museumspass.ch\/wp-content\/uploads\/Portrait_BR_Elisabeth_Baume_Schneider-Museumspass-scaled.jpg\" \/>\n\t<meta property=\"og:image:width\" content=\"2560\" \/>\n\t<meta property=\"og:image:height\" content=\"1707\" \/>\n\t<meta property=\"og:image:type\" content=\"image\/jpeg\" \/>\n<meta name=\"author\" content=\"Basile\" \/>\n<meta name=\"twitter:card\" content=\"summary_large_image\" \/>\n<meta name=\"twitter:label1\" content=\"Written by\" \/>\n\t<meta name=\"twitter:data1\" content=\"Basile\" \/>\n\t<meta name=\"twitter:label2\" content=\"Est. reading time\" \/>\n\t<meta name=\"twitter:data2\" content=\"3 minutes\" \/>\n<script type=\"application\/ld+json\" class=\"yoast-schema-graph\">{\"@context\":\"https:\/\/schema.org\",\"@graph\":[{\"@type\":\"Article\",\"@id\":\"https:\/\/www.museumspass.ch\/30-jahre-schweizer-museumspass-ein-jubilaeum-im-zeichen-der-kulturellen-teilhabe\/#article\",\"isPartOf\":{\"@id\":\"https:\/\/www.museumspass.ch\/30-jahre-schweizer-museumspass-ein-jubilaeum-im-zeichen-der-kulturellen-teilhabe\/\"},\"author\":{\"name\":\"Basile\",\"@id\":\"https:\/\/www.museumspass.ch\/de\/#\/schema\/person\/203c31df7590e52a3ca993981b194550\"},\"headline\":\"30 Jahre Schweizer Museumspass: Ein Jubil\u00e4um im Zeichen der kulturellen Teilhabe\",\"datePublished\":\"2026-04-30T14:44:21+00:00\",\"dateModified\":\"2026-04-30T14:44:22+00:00\",\"mainEntityOfPage\":{\"@id\":\"https:\/\/www.museumspass.ch\/30-jahre-schweizer-museumspass-ein-jubilaeum-im-zeichen-der-kulturellen-teilhabe\/\"},\"wordCount\":325,\"commentCount\":0,\"publisher\":{\"@id\":\"https:\/\/www.museumspass.ch\/de\/#organization\"},\"image\":{\"@id\":\"https:\/\/www.museumspass.ch\/30-jahre-schweizer-museumspass-ein-jubilaeum-im-zeichen-der-kulturellen-teilhabe\/#primaryimage\"},\"thumbnailUrl\":\"https:\/\/www.museumspass.ch\/wp-content\/uploads\/Portrait_BR_Elisabeth_Baume_Schneider-Museumspass-scaled.jpg\",\"articleSection\":[\"Jubil\u00e4um\"],\"inLanguage\":\"en-US\",\"potentialAction\":[{\"@type\":\"CommentAction\",\"name\":\"Comment\",\"target\":[\"https:\/\/www.museumspass.ch\/30-jahre-schweizer-museumspass-ein-jubilaeum-im-zeichen-der-kulturellen-teilhabe\/#respond\"]}]},{\"@type\":\"WebPage\",\"@id\":\"https:\/\/www.museumspass.ch\/30-jahre-schweizer-museumspass-ein-jubilaeum-im-zeichen-der-kulturellen-teilhabe\/\",\"url\":\"https:\/\/www.museumspass.ch\/30-jahre-schweizer-museumspass-ein-jubilaeum-im-zeichen-der-kulturellen-teilhabe\/\",\"name\":\"30 Jahre Schweizer Museumspass: Ein Jubil\u00e4um im Zeichen der kulturellen Teilhabe - Schweizer Museumspass\",\"isPartOf\":{\"@id\":\"https:\/\/www.museumspass.ch\/de\/#website\"},\"primaryImageOfPage\":{\"@id\":\"https:\/\/www.museumspass.ch\/30-jahre-schweizer-museumspass-ein-jubilaeum-im-zeichen-der-kulturellen-teilhabe\/#primaryimage\"},\"image\":{\"@id\":\"https:\/\/www.museumspass.ch\/30-jahre-schweizer-museumspass-ein-jubilaeum-im-zeichen-der-kulturellen-teilhabe\/#primaryimage\"},\"thumbnailUrl\":\"https:\/\/www.museumspass.ch\/wp-content\/uploads\/Portrait_BR_Elisabeth_Baume_Schneider-Museumspass-scaled.jpg\",\"datePublished\":\"2026-04-30T14:44:21+00:00\",\"dateModified\":\"2026-04-30T14:44:22+00:00\",\"description\":\"Zum Jubil\u00e4um 30 Jahre Schweizer Museumspass pr\u00e4sentiert Elisabeth Baume-Schneider ihr Lieblingswerk im Kunstmuseum Bern. Entdecken Sie die Highlights und unseren Wettbewerb!\",\"breadcrumb\":{\"@id\":\"https:\/\/www.museumspass.ch\/30-jahre-schweizer-museumspass-ein-jubilaeum-im-zeichen-der-kulturellen-teilhabe\/#breadcrumb\"},\"inLanguage\":\"en-US\",\"potentialAction\":[{\"@type\":\"ReadAction\",\"target\":[\"https:\/\/www.museumspass.ch\/30-jahre-schweizer-museumspass-ein-jubilaeum-im-zeichen-der-kulturellen-teilhabe\/\"]}]},{\"@type\":\"ImageObject\",\"inLanguage\":\"en-US\",\"@id\":\"https:\/\/www.museumspass.ch\/30-jahre-schweizer-museumspass-ein-jubilaeum-im-zeichen-der-kulturellen-teilhabe\/#primaryimage\",\"url\":\"https:\/\/www.museumspass.ch\/wp-content\/uploads\/Portrait_BR_Elisabeth_Baume_Schneider-Museumspass-scaled.jpg\",\"contentUrl\":\"https:\/\/www.museumspass.ch\/wp-content\/uploads\/Portrait_BR_Elisabeth_Baume_Schneider-Museumspass-scaled.jpg\",\"width\":2560,\"height\":1707},{\"@type\":\"BreadcrumbList\",\"@id\":\"https:\/\/www.museumspass.ch\/30-jahre-schweizer-museumspass-ein-jubilaeum-im-zeichen-der-kulturellen-teilhabe\/#breadcrumb\",\"itemListElement\":[{\"@type\":\"ListItem\",\"position\":1,\"name\":\"Start\",\"item\":\"https:\/\/www.museumspass.ch\/de\/\"},{\"@type\":\"ListItem\",\"position\":2,\"name\":\"30 Jahre Schweizer Museumspass: Ein Jubil\u00e4um im Zeichen der kulturellen Teilhabe\"}]},{\"@type\":\"WebSite\",\"@id\":\"https:\/\/www.museumspass.ch\/de\/#website\",\"url\":\"https:\/\/www.museumspass.ch\/de\/\",\"name\":\"Schweizer Museumspass\",\"description\":\"1 Jahr lang kostenlosen Zugang zu \u00fcber 500 Schweizer Museen\",\"publisher\":{\"@id\":\"https:\/\/www.museumspass.ch\/de\/#organization\"},\"potentialAction\":[{\"@type\":\"SearchAction\",\"target\":{\"@type\":\"EntryPoint\",\"urlTemplate\":\"https:\/\/www.museumspass.ch\/de\/?s={search_term_string}\"},\"query-input\":{\"@type\":\"PropertyValueSpecification\",\"valueRequired\":true,\"valueName\":\"search_term_string\"}}],\"inLanguage\":\"en-US\"},{\"@type\":\"Organization\",\"@id\":\"https:\/\/www.museumspass.ch\/de\/#organization\",\"name\":\"Schweizer Museumspass\",\"url\":\"https:\/\/www.museumspass.ch\/de\/\",\"logo\":{\"@type\":\"ImageObject\",\"inLanguage\":\"en-US\",\"@id\":\"https:\/\/www.museumspass.ch\/de\/#\/schema\/logo\/image\/\",\"url\":\"https:\/\/www.museumspass.ch\/wp-content\/uploads\/Design-ohne-Titel-55.png\",\"contentUrl\":\"https:\/\/www.museumspass.ch\/wp-content\/uploads\/Design-ohne-Titel-55.png\",\"width\":1024,\"height\":576,\"caption\":\"Schweizer Museumspass\"},\"image\":{\"@id\":\"https:\/\/www.museumspass.ch\/de\/#\/schema\/logo\/image\/\"},\"sameAs\":[\"https:\/\/www.facebook.com\/SchweizerMuseumspass\/\",\"https:\/\/www.instagram.com\/museumspass\/\",\"https:\/\/www.linkedin.com\/company\/stiftung-schweizer-museumspass\/\"]},{\"@type\":\"Person\",\"@id\":\"https:\/\/www.museumspass.ch\/de\/#\/schema\/person\/203c31df7590e52a3ca993981b194550\",\"name\":\"Basile\",\"image\":{\"@type\":\"ImageObject\",\"inLanguage\":\"en-US\",\"@id\":\"https:\/\/www.museumspass.ch\/de\/#\/schema\/person\/image\/\",\"url\":\"https:\/\/secure.gravatar.com\/avatar\/123a9c4b6097f9a82eaef7d4a1fb0e040e8baa583dbdcc70496b9c7e8c627993?s=96&d=mm&r=g\",\"contentUrl\":\"https:\/\/secure.gravatar.com\/avatar\/123a9c4b6097f9a82eaef7d4a1fb0e040e8baa583dbdcc70496b9c7e8c627993?s=96&d=mm&r=g\",\"caption\":\"Basile\"},\"url\":\"https:\/\/www.museumspass.ch\/en\/author\/wp-basile\/\"}]}<\/script>\n<!-- \/ Yoast SEO plugin. -->","yoast_head_json":{"title":"30 Years of the Swiss Museum Pass: A Jubilee Dedicated to Cultural Participation - Swiss Museum Pass","description":"For the 30th anniversary of the Swiss Museum Pass, Elisabeth Baume-Schneider presents her favorite work at the Kunstmuseum Bern. Discover the highlights and our competition!","robots":{"index":"index","follow":"follow","max-snippet":"max-snippet:-1","max-image-preview":"max-image-preview:large","max-video-preview":"max-video-preview:-1"},"canonical":"https:\/\/www.museumspass.ch\/en\/30-years-swiss-museum-pass-an-anniversary-of-cultural-participation\/","og_locale":"en_US","og_type":"article","og_title":"30 Jahre Schweizer Museumspass: Ein Jubil\u00e4um im Zeichen der kulturellen Teilhabe - Schweizer Museumspass","og_description":"Zum Jubil\u00e4um 30 Jahre Schweizer Museumspass pr\u00e4sentiert Elisabeth Baume-Schneider ihr Lieblingswerk im Kunstmuseum Bern. Entdecken Sie die Highlights und unseren Wettbewerb!","og_url":"https:\/\/www.museumspass.ch\/en\/30-years-swiss-museum-pass-an-anniversary-of-cultural-participation\/","og_site_name":"Schweizer Museumspass","article_publisher":"https:\/\/www.facebook.com\/SchweizerMuseumspass\/","article_published_time":"2026-04-30T14:44:21+00:00","article_modified_time":"2026-04-30T14:44:22+00:00","og_image":[{"width":2560,"height":1707,"url":"https:\/\/www.museumspass.ch\/wp-content\/uploads\/Portrait_BR_Elisabeth_Baume_Schneider-Museumspass-scaled.jpg","type":"image\/jpeg"}],"author":"Basile","twitter_card":"summary_large_image","twitter_misc":{"Written by":"Basile","Est. reading time":"3 minutes"},"schema":{"@context":"https:\/\/schema.org","@graph":[{"@type":"Article","@id":"https:\/\/www.museumspass.ch\/30-jahre-schweizer-museumspass-ein-jubilaeum-im-zeichen-der-kulturellen-teilhabe\/#article","isPartOf":{"@id":"https:\/\/www.museumspass.ch\/30-jahre-schweizer-museumspass-ein-jubilaeum-im-zeichen-der-kulturellen-teilhabe\/"},"author":{"name":"Basile","@id":"https:\/\/www.museumspass.ch\/de\/#\/schema\/person\/203c31df7590e52a3ca993981b194550"},"headline":"30 Jahre Schweizer Museumspass: Ein Jubil\u00e4um im Zeichen der kulturellen Teilhabe","datePublished":"2026-04-30T14:44:21+00:00","dateModified":"2026-04-30T14:44:22+00:00","mainEntityOfPage":{"@id":"https:\/\/www.museumspass.ch\/30-jahre-schweizer-museumspass-ein-jubilaeum-im-zeichen-der-kulturellen-teilhabe\/"},"wordCount":325,"commentCount":0,"publisher":{"@id":"https:\/\/www.museumspass.ch\/de\/#organization"},"image":{"@id":"https:\/\/www.museumspass.ch\/30-jahre-schweizer-museumspass-ein-jubilaeum-im-zeichen-der-kulturellen-teilhabe\/#primaryimage"},"thumbnailUrl":"https:\/\/www.museumspass.ch\/wp-content\/uploads\/Portrait_BR_Elisabeth_Baume_Schneider-Museumspass-scaled.jpg","articleSection":["Jubil\u00e4um"],"inLanguage":"en-US","potentialAction":[{"@type":"CommentAction","name":"Comment","target":["https:\/\/www.museumspass.ch\/30-jahre-schweizer-museumspass-ein-jubilaeum-im-zeichen-der-kulturellen-teilhabe\/#respond"]}]},{"@type":"WebPage","@id":"https:\/\/www.museumspass.ch\/30-jahre-schweizer-museumspass-ein-jubilaeum-im-zeichen-der-kulturellen-teilhabe\/","url":"https:\/\/www.museumspass.ch\/30-jahre-schweizer-museumspass-ein-jubilaeum-im-zeichen-der-kulturellen-teilhabe\/","name":"30 Years of the Swiss Museum Pass: A Jubilee Dedicated to Cultural Participation - Swiss Museum Pass","isPartOf":{"@id":"https:\/\/www.museumspass.ch\/de\/#website"},"primaryImageOfPage":{"@id":"https:\/\/www.museumspass.ch\/30-jahre-schweizer-museumspass-ein-jubilaeum-im-zeichen-der-kulturellen-teilhabe\/#primaryimage"},"image":{"@id":"https:\/\/www.museumspass.ch\/30-jahre-schweizer-museumspass-ein-jubilaeum-im-zeichen-der-kulturellen-teilhabe\/#primaryimage"},"thumbnailUrl":"https:\/\/www.museumspass.ch\/wp-content\/uploads\/Portrait_BR_Elisabeth_Baume_Schneider-Museumspass-scaled.jpg","datePublished":"2026-04-30T14:44:21+00:00","dateModified":"2026-04-30T14:44:22+00:00","description":"For the 30th anniversary of the Swiss Museum Pass, Elisabeth Baume-Schneider presents her favorite work at the Kunstmuseum Bern. Discover the highlights and our competition!","breadcrumb":{"@id":"https:\/\/www.museumspass.ch\/30-jahre-schweizer-museumspass-ein-jubilaeum-im-zeichen-der-kulturellen-teilhabe\/#breadcrumb"},"inLanguage":"en-US","potentialAction":[{"@type":"ReadAction","target":["https:\/\/www.museumspass.ch\/30-jahre-schweizer-museumspass-ein-jubilaeum-im-zeichen-der-kulturellen-teilhabe\/"]}]},{"@type":"ImageObject","inLanguage":"en-US","@id":"https:\/\/www.museumspass.ch\/30-jahre-schweizer-museumspass-ein-jubilaeum-im-zeichen-der-kulturellen-teilhabe\/#primaryimage","url":"https:\/\/www.museumspass.ch\/wp-content\/uploads\/Portrait_BR_Elisabeth_Baume_Schneider-Museumspass-scaled.jpg","contentUrl":"https:\/\/www.museumspass.ch\/wp-content\/uploads\/Portrait_BR_Elisabeth_Baume_Schneider-Museumspass-scaled.jpg","width":2560,"height":1707},{"@type":"BreadcrumbList","@id":"https:\/\/www.museumspass.ch\/30-jahre-schweizer-museumspass-ein-jubilaeum-im-zeichen-der-kulturellen-teilhabe\/#breadcrumb","itemListElement":[{"@type":"ListItem","position":1,"name":"Start","item":"https:\/\/www.museumspass.ch\/de\/"},{"@type":"ListItem","position":2,"name":"30 Jahre Schweizer Museumspass: Ein Jubil\u00e4um im Zeichen der kulturellen Teilhabe"}]},{"@type":"WebSite","@id":"https:\/\/www.museumspass.ch\/de\/#website","url":"https:\/\/www.museumspass.ch\/de\/","name":"Swiss Museum Pass","description":"1 year free access to over 500 Swiss museums","publisher":{"@id":"https:\/\/www.museumspass.ch\/de\/#organization"},"potentialAction":[{"@type":"SearchAction","target":{"@type":"EntryPoint","urlTemplate":"https:\/\/www.museumspass.ch\/de\/?s={search_term_string}"},"query-input":{"@type":"PropertyValueSpecification","valueRequired":true,"valueName":"search_term_string"}}],"inLanguage":"en-US"},{"@type":"Organization","@id":"https:\/\/www.museumspass.ch\/de\/#organization","name":"Swiss Museum Pass","url":"https:\/\/www.museumspass.ch\/de\/","logo":{"@type":"ImageObject","inLanguage":"en-US","@id":"https:\/\/www.museumspass.ch\/de\/#\/schema\/logo\/image\/","url":"https:\/\/www.museumspass.ch\/wp-content\/uploads\/Design-ohne-Titel-55.png","contentUrl":"https:\/\/www.museumspass.ch\/wp-content\/uploads\/Design-ohne-Titel-55.png","width":1024,"height":576,"caption":"Schweizer Museumspass"},"image":{"@id":"https:\/\/www.museumspass.ch\/de\/#\/schema\/logo\/image\/"},"sameAs":["https:\/\/www.facebook.com\/SchweizerMuseumspass\/","https:\/\/www.instagram.com\/museumspass\/","https:\/\/www.linkedin.com\/company\/stiftung-schweizer-museumspass\/"]},{"@type":"Person","@id":"https:\/\/www.museumspass.ch\/de\/#\/schema\/person\/203c31df7590e52a3ca993981b194550","name":"Basile","image":{"@type":"ImageObject","inLanguage":"en-US","@id":"https:\/\/www.museumspass.ch\/de\/#\/schema\/person\/image\/","url":"https:\/\/secure.gravatar.com\/avatar\/123a9c4b6097f9a82eaef7d4a1fb0e040e8baa583dbdcc70496b9c7e8c627993?s=96&d=mm&r=g","contentUrl":"https:\/\/secure.gravatar.com\/avatar\/123a9c4b6097f9a82eaef7d4a1fb0e040e8baa583dbdcc70496b9c7e8c627993?s=96&d=mm&r=g","caption":"Basile"},"url":"https:\/\/www.museumspass.ch\/en\/author\/wp-basile\/"}]}},"publishpress_future_action":{"enabled":false,"date":"2026-05-08 14:51:02","action":"change-status","newStatus":"draft","terms":[],"taxonomy":"category","extraData":[]},"publishpress_future_workflow_manual_trigger":{"enabledWorkflows":[]},"_links":{"self":[{"href":"https:\/\/www.museumspass.ch\/en\/wp-json\/wp\/v2\/posts\/12546","targetHints":{"allow":["GET"]}}],"collection":[{"href":"https:\/\/www.museumspass.ch\/en\/wp-json\/wp\/v2\/posts"}],"about":[{"href":"https:\/\/www.museumspass.ch\/en\/wp-json\/wp\/v2\/types\/post"}],"author":[{"embeddable":true,"href":"https:\/\/www.museumspass.ch\/en\/wp-json\/wp\/v2\/users\/2"}],"replies":[{"embeddable":true,"href":"https:\/\/www.museumspass.ch\/en\/wp-json\/wp\/v2\/comments?post=12546"}],"version-history":[{"count":1,"href":"https:\/\/www.museumspass.ch\/en\/wp-json\/wp\/v2\/posts\/12546\/revisions"}],"predecessor-version":[{"id":12548,"href":"https:\/\/www.museumspass.ch\/en\/wp-json\/wp\/v2\/posts\/12546\/revisions\/12548"}],"wp:featuredmedia":[{"embeddable":true,"href":"https:\/\/www.museumspass.ch\/en\/wp-json\/wp\/v2\/media\/12547"}],"wp:attachment":[{"href":"https:\/\/www.museumspass.ch\/en\/wp-json\/wp\/v2\/media?parent=12546"}],"wp:term":[{"taxonomy":"category","embeddable":true,"href":"https:\/\/www.museumspass.ch\/en\/wp-json\/wp\/v2\/categories?post=12546"},{"taxonomy":"post_tag","embeddable":true,"href":"https:\/\/www.museumspass.ch\/en\/wp-json\/wp\/v2\/tags?post=12546"}],"curies":[{"name":"wp","href":"https:\/\/api.w.org\/{rel}","templated":true}]}}