{"id":12294,"date":"2026-03-16T14:58:53","date_gmt":"2026-03-16T13:58:53","guid":{"rendered":"https:\/\/www.museumspass.ch\/?p=12294"},"modified":"2026-03-16T14:58:54","modified_gmt":"2026-03-16T13:58:54","slug":"derriere-les-coulisses-la-transformation-de-la-fondation-de-lhermitage","status":"publish","type":"post","link":"https:\/\/www.museumspass.ch\/fr\/derriere-les-coulisses-la-transformation-de-la-fondation-de-lhermitage\/","title":{"rendered":"Dans les coulisses de l'exposition : La transformation de la Fondation de l'Hermitage"},"content":{"rendered":"<p>Un rapport de l'ambassadeur Dominik Gehl<\/p>\n\n\n\n<div style=\"height:20px\" aria-hidden=\"true\" class=\"wp-block-spacer\"><\/div>\n\n\n\n<figure class=\"wp-block-image size-large\"><img fetchpriority=\"high\" decoding=\"async\" width=\"1024\" height=\"683\" src=\"https:\/\/www.museumspass.ch\/wp-content\/uploads\/e9cc909c-d633-4886-9d56-e1a448e8446d_rw_1920-1024x683.jpg\" alt=\"Fondation de l&#039;Hermitage\" class=\"wp-image-12295\" srcset=\"https:\/\/www.museumspass.ch\/wp-content\/uploads\/e9cc909c-d633-4886-9d56-e1a448e8446d_rw_1920-1024x683.jpg 1024w, https:\/\/www.museumspass.ch\/wp-content\/uploads\/e9cc909c-d633-4886-9d56-e1a448e8446d_rw_1920-300x200.jpg 300w, https:\/\/www.museumspass.ch\/wp-content\/uploads\/e9cc909c-d633-4886-9d56-e1a448e8446d_rw_1920-768x512.jpg 768w, https:\/\/www.museumspass.ch\/wp-content\/uploads\/e9cc909c-d633-4886-9d56-e1a448e8446d_rw_1920-1536x1024.jpg 1536w, https:\/\/www.museumspass.ch\/wp-content\/uploads\/e9cc909c-d633-4886-9d56-e1a448e8446d_rw_1920-18x12.jpg 18w, https:\/\/www.museumspass.ch\/wp-content\/uploads\/e9cc909c-d633-4886-9d56-e1a448e8446d_rw_1920.jpg 1920w\" sizes=\"(max-width: 1024px) 100vw, 1024px\" \/><\/figure>\n\n\n\n<div style=\"height:20px\" aria-hidden=\"true\" class=\"wp-block-spacer\"><\/div>\n\n\n\n<p>La Fondation de l'Hermitage est un lieu tr\u00e8s particulier pour tous les amateurs d'art, mais depuis novembre 2025, un silence inhabituel y r\u00e8gne. Notre ambassadeur Dominik Gehl a document\u00e9 ce moment unique de changement. Il a photographi\u00e9 les espaces vides et s'est entretenu avec les responsables sur place de la mani\u00e8re dont on peut r\u00e9nover un monument historique sur le plan \u00e9nerg\u00e9tique sans perdre son \u00e2me. Nous sommes heureux de pouvoir partager ici avec notre communaut\u00e9 ses aper\u00e7us passionnants et ses photos exclusives.<\/p>\n\n\n\n<p><em>Texte et photographie : Dominik Gehl<\/em><\/p>\n\n\n\n<div style=\"height:40px\" aria-hidden=\"true\" class=\"wp-block-spacer\"><\/div>\n\n\n\n<div class=\"wp-block-group has-border-color has-background is-layout-constrained wp-container-core-group-is-layout-f4353ca6 wp-block-group-is-layout-constrained\" style=\"border-color:#c8c8c8;border-width:1px;background-color:#e9eef0;margin-top:0;margin-bottom:0;padding-top:24px;padding-right:24px;padding-bottom:24px;padding-left:24px\">\n<h3 class=\"wp-block-heading\">Hermitage \u00abon the road\u00bb - Le programme 2026<\/h3>\n\n\n\n<div style=\"height:20px\" aria-hidden=\"true\" class=\"wp-block-spacer\"><\/div>\n\n\n\n<p>M\u00eame si les portes de Lausanne sont temporairement ferm\u00e9es, l'art de la fondation reste en mouvement. Voici les principales dates pour d\u00e9couvrir la Fondation de l'Hermitage ailleurs en 2026 :<\/p>\n\n\n\n<div style=\"height:20px\" aria-hidden=\"true\" class=\"wp-block-spacer\"><\/div>\n\n\n\n<ul class=\"wp-block-list\">\n<li>Pour les cr\u00e9atifs : le <strong>8 avril<\/strong> des ateliers de gravure avec l'artiste Marie-Aurore Conscience auront lieu dans la salle d'exposition du CHUV (dans le cadre de P\u00e2komuz\u00e9)<\/li>\n<\/ul>\n\n\n\n<div style=\"height:10px\" aria-hidden=\"true\" class=\"wp-block-spacer\"><\/div>\n\n\n\n<ul class=\"wp-block-list\">\n<li>Pour les femmes &amp; les amateurs d'art : le <strong>21 avril et 21 mai<\/strong> la Maison de la femme \u00e0 Lausanne invite \u00e0 la manifestation \u201eFemmes de la collection Hermitage\u201c. Une pr\u00e9sentation de la directrice Sylvie Wuhrmann sera suivie d'un atelier avec l'illustratrice Fanny Vaucher.<\/li>\n<\/ul>\n\n\n\n<div style=\"height:20px\" aria-hidden=\"true\" class=\"wp-block-spacer\"><\/div>\n\n\n\n<p>Soyez toujours inform\u00e9s : Vous trouverez r\u00e9guli\u00e8rement tous les d\u00e9tails sur d'autres projets d'outreach et sur l'avancement des travaux de construction sur la page d'accueil du site web. <a href=\"https:\/\/fondation-hermitage.ch\/\" type=\"link\" id=\"https:\/\/fondation-hermitage.ch\/\">Site web de la Fondation de l'Hermitage<\/a>.<\/p>\n<\/div>\n\n\n\n<div style=\"height:40px\" aria-hidden=\"true\" class=\"wp-block-spacer\"><\/div>\n\n\n\n<h2 class=\"wp-block-heading\">Fondation de l\u2019Hermitage : une demeure en chantier, un mus\u00e9e toujours vivant<\/h2>\n\n\n\n<div style=\"height:20px\" aria-hidden=\"true\" class=\"wp-block-spacer\"><\/div>\n\n\n\n<figure class=\"wp-block-image size-large\"><img decoding=\"async\" width=\"1024\" height=\"683\" src=\"https:\/\/www.museumspass.ch\/wp-content\/uploads\/DSC_3021-1024x683.jpg\" alt=\"Silence : L\u00e0 o\u00f9 il y a peu de temps encore, des \u0153uvres d&#039;art \u00e9taient accroch\u00e9es, la maison attend maintenant d&#039;\u00eatre r\u00e9nov\u00e9e.\" class=\"wp-image-12296\" srcset=\"https:\/\/www.museumspass.ch\/wp-content\/uploads\/DSC_3021-1024x683.jpg 1024w, https:\/\/www.museumspass.ch\/wp-content\/uploads\/DSC_3021-300x200.jpg 300w, https:\/\/www.museumspass.ch\/wp-content\/uploads\/DSC_3021-768x512.jpg 768w, https:\/\/www.museumspass.ch\/wp-content\/uploads\/DSC_3021-1536x1024.jpg 1536w, https:\/\/www.museumspass.ch\/wp-content\/uploads\/DSC_3021-2048x1365.jpg 2048w, https:\/\/www.museumspass.ch\/wp-content\/uploads\/DSC_3021-18x12.jpg 18w\" sizes=\"(max-width: 1024px) 100vw, 1024px\" \/><\/figure>\n\n\n\n<div style=\"height:20px\" aria-hidden=\"true\" class=\"wp-block-spacer\"><\/div>\n\n\n\n<p>Construite entre 1851 et 1853 pour le banquier Charles-Juste Bugnion, la demeure de l\u2019Hermitage est devenue un mus\u00e9e d'art en 1984, apr\u00e8s le legs du domaine \u00e0 la Ville de Lausanne par la famille propri\u00e9taire. Depuis plus de quarante ans, la Fondation de l\u2019Hermitage y pr\u00e9sente chaque ann\u00e9e des expositions temporaires de renomm\u00e9e internationale. Afin de p\u00e9renniser cette mission culturelle, l'institution entame une restauration d'envergure.<\/p>\n\n\n\n<div style=\"height:20px\" aria-hidden=\"true\" class=\"wp-block-spacer\"><\/div>\n\n\n\n<div class=\"wp-block-columns is-layout-flex wp-container-core-columns-is-layout-28f84493 wp-block-columns-is-layout-flex\">\n<div class=\"wp-block-column is-layout-flow wp-block-column-is-layout-flow\" style=\"flex-basis:33.34%\">\n<figure class=\"wp-block-image size-large\"><img decoding=\"async\" width=\"1024\" height=\"683\" src=\"https:\/\/www.museumspass.ch\/wp-content\/uploads\/0ccd0489-12ec-4cb0-a119-f2cbe88b034a_rw_1920-1024x683.jpg\" alt=\"\" class=\"wp-image-12302\" srcset=\"https:\/\/www.museumspass.ch\/wp-content\/uploads\/0ccd0489-12ec-4cb0-a119-f2cbe88b034a_rw_1920-1024x683.jpg 1024w, https:\/\/www.museumspass.ch\/wp-content\/uploads\/0ccd0489-12ec-4cb0-a119-f2cbe88b034a_rw_1920-300x200.jpg 300w, https:\/\/www.museumspass.ch\/wp-content\/uploads\/0ccd0489-12ec-4cb0-a119-f2cbe88b034a_rw_1920-768x512.jpg 768w, https:\/\/www.museumspass.ch\/wp-content\/uploads\/0ccd0489-12ec-4cb0-a119-f2cbe88b034a_rw_1920-1536x1024.jpg 1536w, https:\/\/www.museumspass.ch\/wp-content\/uploads\/0ccd0489-12ec-4cb0-a119-f2cbe88b034a_rw_1920-18x12.jpg 18w, https:\/\/www.museumspass.ch\/wp-content\/uploads\/0ccd0489-12ec-4cb0-a119-f2cbe88b034a_rw_1920.jpg 1920w\" sizes=\"(max-width: 1024px) 100vw, 1024px\" \/><\/figure>\n<\/div>\n\n\n\n<div class=\"wp-block-column is-layout-flow wp-block-column-is-layout-flow\" style=\"flex-basis:33.34%\">\n<figure class=\"wp-block-image size-large\"><img loading=\"lazy\" decoding=\"async\" width=\"1024\" height=\"683\" src=\"https:\/\/www.museumspass.ch\/wp-content\/uploads\/984655f3-e2b0-47f9-9b99-1c0231a46fc0_rw_1920-1024x683.jpg\" alt=\"\" class=\"wp-image-12303\" srcset=\"https:\/\/www.museumspass.ch\/wp-content\/uploads\/984655f3-e2b0-47f9-9b99-1c0231a46fc0_rw_1920-1024x683.jpg 1024w, https:\/\/www.museumspass.ch\/wp-content\/uploads\/984655f3-e2b0-47f9-9b99-1c0231a46fc0_rw_1920-300x200.jpg 300w, https:\/\/www.museumspass.ch\/wp-content\/uploads\/984655f3-e2b0-47f9-9b99-1c0231a46fc0_rw_1920-768x512.jpg 768w, https:\/\/www.museumspass.ch\/wp-content\/uploads\/984655f3-e2b0-47f9-9b99-1c0231a46fc0_rw_1920-1536x1024.jpg 1536w, https:\/\/www.museumspass.ch\/wp-content\/uploads\/984655f3-e2b0-47f9-9b99-1c0231a46fc0_rw_1920-18x12.jpg 18w, https:\/\/www.museumspass.ch\/wp-content\/uploads\/984655f3-e2b0-47f9-9b99-1c0231a46fc0_rw_1920.jpg 1920w\" sizes=\"(max-width: 1024px) 100vw, 1024px\" \/><\/figure>\n<\/div>\n\n\n\n<div class=\"wp-block-column is-layout-flow wp-block-column-is-layout-flow\" style=\"flex-basis:33.33%\">\n<figure class=\"wp-block-image size-large\"><img loading=\"lazy\" decoding=\"async\" width=\"1024\" height=\"683\" src=\"https:\/\/www.museumspass.ch\/wp-content\/uploads\/874b432c-af1c-450a-a30d-7a16db4daf7c_rw_1920-1-1024x683.jpg\" alt=\"\" class=\"wp-image-12309\" srcset=\"https:\/\/www.museumspass.ch\/wp-content\/uploads\/874b432c-af1c-450a-a30d-7a16db4daf7c_rw_1920-1-1024x683.jpg 1024w, https:\/\/www.museumspass.ch\/wp-content\/uploads\/874b432c-af1c-450a-a30d-7a16db4daf7c_rw_1920-1-300x200.jpg 300w, https:\/\/www.museumspass.ch\/wp-content\/uploads\/874b432c-af1c-450a-a30d-7a16db4daf7c_rw_1920-1-768x512.jpg 768w, https:\/\/www.museumspass.ch\/wp-content\/uploads\/874b432c-af1c-450a-a30d-7a16db4daf7c_rw_1920-1-1536x1024.jpg 1536w, https:\/\/www.museumspass.ch\/wp-content\/uploads\/874b432c-af1c-450a-a30d-7a16db4daf7c_rw_1920-1-18x12.jpg 18w, https:\/\/www.museumspass.ch\/wp-content\/uploads\/874b432c-af1c-450a-a30d-7a16db4daf7c_rw_1920-1.jpg 1920w\" sizes=\"(max-width: 1024px) 100vw, 1024px\" \/><\/figure>\n<\/div>\n<\/div>\n\n\n\n<figure class=\"wp-block-gallery has-nested-images columns-4 wp-block-gallery-1 is-layout-flex wp-block-gallery-is-layout-flex\">\n<figure class=\"wp-block-image size-large\"><img loading=\"lazy\" decoding=\"async\" width=\"683\" height=\"1024\" data-id=\"12305\" src=\"https:\/\/www.museumspass.ch\/wp-content\/uploads\/9780066d-b0bf-43f1-ad38-e54f2e48847d_rw_1920-683x1024.jpg\" alt=\"\" class=\"wp-image-12305\" style=\"aspect-ratio:1\" srcset=\"https:\/\/www.museumspass.ch\/wp-content\/uploads\/9780066d-b0bf-43f1-ad38-e54f2e48847d_rw_1920-683x1024.jpg 683w, https:\/\/www.museumspass.ch\/wp-content\/uploads\/9780066d-b0bf-43f1-ad38-e54f2e48847d_rw_1920-200x300.jpg 200w, https:\/\/www.museumspass.ch\/wp-content\/uploads\/9780066d-b0bf-43f1-ad38-e54f2e48847d_rw_1920-768x1152.jpg 768w, https:\/\/www.museumspass.ch\/wp-content\/uploads\/9780066d-b0bf-43f1-ad38-e54f2e48847d_rw_1920-1024x1536.jpg 1024w, https:\/\/www.museumspass.ch\/wp-content\/uploads\/9780066d-b0bf-43f1-ad38-e54f2e48847d_rw_1920-8x12.jpg 8w, https:\/\/www.museumspass.ch\/wp-content\/uploads\/9780066d-b0bf-43f1-ad38-e54f2e48847d_rw_1920.jpg 1365w\" sizes=\"(max-width: 683px) 100vw, 683px\" \/><\/figure>\n\n\n\n<figure class=\"wp-block-image size-large\"><img loading=\"lazy\" decoding=\"async\" width=\"819\" height=\"1024\" data-id=\"12306\" src=\"https:\/\/www.museumspass.ch\/wp-content\/uploads\/20487c32-3314-4f04-83a1-6845a514f122_rw_1920-819x1024.jpg\" alt=\"\" class=\"wp-image-12306\" style=\"aspect-ratio:1\" srcset=\"https:\/\/www.museumspass.ch\/wp-content\/uploads\/20487c32-3314-4f04-83a1-6845a514f122_rw_1920-819x1024.jpg 819w, https:\/\/www.museumspass.ch\/wp-content\/uploads\/20487c32-3314-4f04-83a1-6845a514f122_rw_1920-240x300.jpg 240w, https:\/\/www.museumspass.ch\/wp-content\/uploads\/20487c32-3314-4f04-83a1-6845a514f122_rw_1920-768x960.jpg 768w, https:\/\/www.museumspass.ch\/wp-content\/uploads\/20487c32-3314-4f04-83a1-6845a514f122_rw_1920-1229x1536.jpg 1229w, https:\/\/www.museumspass.ch\/wp-content\/uploads\/20487c32-3314-4f04-83a1-6845a514f122_rw_1920-10x12.jpg 10w, https:\/\/www.museumspass.ch\/wp-content\/uploads\/20487c32-3314-4f04-83a1-6845a514f122_rw_1920.jpg 1638w\" sizes=\"(max-width: 819px) 100vw, 819px\" \/><\/figure>\n\n\n\n<figure class=\"wp-block-image size-large\"><img loading=\"lazy\" decoding=\"async\" width=\"1024\" height=\"683\" data-id=\"12307\" src=\"https:\/\/www.museumspass.ch\/wp-content\/uploads\/462514f6-9092-4b2e-bb9b-afb123d2f405_rw_1920-1024x683.jpg\" alt=\"\" class=\"wp-image-12307\" style=\"aspect-ratio:1\" srcset=\"https:\/\/www.museumspass.ch\/wp-content\/uploads\/462514f6-9092-4b2e-bb9b-afb123d2f405_rw_1920-1024x683.jpg 1024w, https:\/\/www.museumspass.ch\/wp-content\/uploads\/462514f6-9092-4b2e-bb9b-afb123d2f405_rw_1920-300x200.jpg 300w, https:\/\/www.museumspass.ch\/wp-content\/uploads\/462514f6-9092-4b2e-bb9b-afb123d2f405_rw_1920-768x512.jpg 768w, https:\/\/www.museumspass.ch\/wp-content\/uploads\/462514f6-9092-4b2e-bb9b-afb123d2f405_rw_1920-1536x1024.jpg 1536w, https:\/\/www.museumspass.ch\/wp-content\/uploads\/462514f6-9092-4b2e-bb9b-afb123d2f405_rw_1920-18x12.jpg 18w, https:\/\/www.museumspass.ch\/wp-content\/uploads\/462514f6-9092-4b2e-bb9b-afb123d2f405_rw_1920.jpg 1920w\" sizes=\"(max-width: 1024px) 100vw, 1024px\" \/><\/figure>\n\n\n\n<figure class=\"wp-block-image size-large\"><img loading=\"lazy\" decoding=\"async\" width=\"1024\" height=\"1024\" data-id=\"12308\" src=\"https:\/\/www.museumspass.ch\/wp-content\/uploads\/4f28a232-b3b3-4571-8074-d86be840125a_rw_1920-1024x1024.jpg\" alt=\"\" class=\"wp-image-12308\" style=\"aspect-ratio:1\" srcset=\"https:\/\/www.museumspass.ch\/wp-content\/uploads\/4f28a232-b3b3-4571-8074-d86be840125a_rw_1920-1024x1024.jpg 1024w, https:\/\/www.museumspass.ch\/wp-content\/uploads\/4f28a232-b3b3-4571-8074-d86be840125a_rw_1920-300x300.jpg 300w, https:\/\/www.museumspass.ch\/wp-content\/uploads\/4f28a232-b3b3-4571-8074-d86be840125a_rw_1920-150x150.jpg 150w, https:\/\/www.museumspass.ch\/wp-content\/uploads\/4f28a232-b3b3-4571-8074-d86be840125a_rw_1920-768x768.jpg 768w, https:\/\/www.museumspass.ch\/wp-content\/uploads\/4f28a232-b3b3-4571-8074-d86be840125a_rw_1920-1536x1536.jpg 1536w, https:\/\/www.museumspass.ch\/wp-content\/uploads\/4f28a232-b3b3-4571-8074-d86be840125a_rw_1920-12x12.jpg 12w, https:\/\/www.museumspass.ch\/wp-content\/uploads\/4f28a232-b3b3-4571-8074-d86be840125a_rw_1920.jpg 1920w\" sizes=\"(max-width: 1024px) 100vw, 1024px\" \/><\/figure>\n<\/figure>\n\n\n\n<div style=\"height:20px\" aria-hidden=\"true\" class=\"wp-block-spacer\"><\/div>\n\n\n\n<p>Si les portes du mus\u00e9e lausannois sont ferm\u00e9es au public depuis le 10 novembre 2025, la Fondation de l'Hermitage ne suspend pas ses activit\u00e9s pour autant. En effet, pour 2026, l'institution vient d\u2019annoncer un programme de m\u00e9diation hors-les-murs qui permettra aux \u0153uvres de rencontrer de nouveaux publics pendant les travaux.<\/p>\n\n\n\n<div style=\"height:20px\" aria-hidden=\"true\" class=\"wp-block-spacer\"><\/div>\n\n\n\n<h3 class=\"wp-block-heading\"><strong>L\u2019Hermitage voyage d\u00e8s le printemps 2026<\/strong><\/h3>\n\n\n\n<div style=\"height:20px\" aria-hidden=\"true\" class=\"wp-block-spacer\"><\/div>\n\n\n\n<p>L'ann\u00e9e 2026 sera marqu\u00e9e par plusieurs collaborations locales. Le 8 avril, dans le cadre de P\u00e2komuz\u00e9, des ateliers de gravure seront organis\u00e9s \u00e0 l\u2019espace d\u2019exposition du CHUV avec l\u2019artiste Marie-Aurore Conscience. Les 21 avril et 21 mai, les membres de Pro Senectute sont invit\u00e9s \u00e0 l\u2019\u00e9v\u00e9nement \u00ab Les femmes de la collection de l\u2019Hermitage \u00bb qui se d\u00e9roulera \u00e0 la Maison de la femme, \u00e0 Lausanne. Ce rendez-vous proposera une pr\u00e9sentation de Sylvie Wuhrmann, suivie d'un atelier cr\u00e9atif anim\u00e9 par l'autrice et illustratrice Fanny Vaucher.<\/p>\n\n\n\n<p>Ce programme pr\u00e9figure la cr\u00e9ation d'un nouvel espace de m\u00e9diation culturelle au sein du mus\u00e9e, qui sera inaugur\u00e9 \u00e0 la r\u00e9ouverture en 2027. Pour d\u00e9tailler les objectifs de cette r\u00e9novation, nous avons rencontr\u00e9 Sylvie Wuhrmann et Aur\u00e9lie Couvreur, respectivement directrice et conservatrice de la Fondation de l\u2019Hermitage, au milieu des pr\u00e9paratifs du d\u00e9m\u00e9nagement, quelques jours apr\u00e8s le d\u00e9crochage de la derni\u00e8re exposition \u00ab La Pologne r\u00eav\u00e9e \u00bb.<\/p>\n\n\n\n<div style=\"height:20px\" aria-hidden=\"true\" class=\"wp-block-spacer\"><\/div>\n\n\n\n<figure class=\"wp-block-image size-large\"><img loading=\"lazy\" decoding=\"async\" width=\"1024\" height=\"683\" src=\"https:\/\/www.museumspass.ch\/wp-content\/uploads\/8805d4b7-e43a-4569-abf8-67924a0c146f_rw_1200-1024x683.jpg\" alt=\"Un r\u00eave pour la Pologne\" class=\"wp-image-12297\" srcset=\"https:\/\/www.museumspass.ch\/wp-content\/uploads\/8805d4b7-e43a-4569-abf8-67924a0c146f_rw_1200-1024x683.jpg 1024w, https:\/\/www.museumspass.ch\/wp-content\/uploads\/8805d4b7-e43a-4569-abf8-67924a0c146f_rw_1200-300x200.jpg 300w, https:\/\/www.museumspass.ch\/wp-content\/uploads\/8805d4b7-e43a-4569-abf8-67924a0c146f_rw_1200-768x512.jpg 768w, https:\/\/www.museumspass.ch\/wp-content\/uploads\/8805d4b7-e43a-4569-abf8-67924a0c146f_rw_1200-18x12.jpg 18w, https:\/\/www.museumspass.ch\/wp-content\/uploads\/8805d4b7-e43a-4569-abf8-67924a0c146f_rw_1200.jpg 1200w\" sizes=\"(max-width: 1024px) 100vw, 1024px\" \/><\/figure>\n\n\n\n<div style=\"height:20px\" aria-hidden=\"true\" class=\"wp-block-spacer\"><\/div>\n\n\n\n<h3 class=\"wp-block-heading\"><strong>Un b\u00e2timent \u00e0 l'arr\u00eat pour 18 mois<\/strong><\/h3>\n\n\n\n<div style=\"height:20px\" aria-hidden=\"true\" class=\"wp-block-spacer\"><\/div>\n\n\n\n<p>\u00ab Il y a encore du job ! \u00bb, lance Sylvie Wuhrmann dans un \u00e9clat de rire. On la comprend : pour la premi\u00e8re fois depuis 1984, l\u2019edifice doit \u00eatre enti\u00e8rement vid\u00e9. Derri\u00e8re les volets clos, la maison \u00ab a besoin d'\u00eatre remise aux normes globales : \u00e9nerg\u00e9tiques, de conservation pr\u00e9ventive et de s\u00e9curit\u00e9 \u00bb. La complexit\u00e9 r\u00e9side dans la nature m\u00eame du b\u00e2timent. \u00ab La pr\u00e9occupation premi\u00e8re des architectes charg\u00e9s de la r\u00e9novation est de respecter ce patrimoine \u00bb, pr\u00e9cise la directrice. Il s'agit d'adapter une demeure con\u00e7ue \u00e0 l'origine pour une vie de famille aux exigences d'un mus\u00e9e accueillant un large public, tout en pr\u00e9servant son \u00e2me.<\/p>\n\n\n\n<div style=\"height:20px\" aria-hidden=\"true\" class=\"wp-block-spacer\"><\/div>\n\n\n\n<figure class=\"wp-block-image size-large\"><img loading=\"lazy\" decoding=\"async\" width=\"1024\" height=\"683\" src=\"https:\/\/www.museumspass.ch\/wp-content\/uploads\/6b6a3461-3cd9-4cba-9c24-7e4f3d05104d_rw_1200-1024x683.jpg\" alt=\"Le Salon bleu dans toute sa splendeur\" class=\"wp-image-12298\" srcset=\"https:\/\/www.museumspass.ch\/wp-content\/uploads\/6b6a3461-3cd9-4cba-9c24-7e4f3d05104d_rw_1200-1024x683.jpg 1024w, https:\/\/www.museumspass.ch\/wp-content\/uploads\/6b6a3461-3cd9-4cba-9c24-7e4f3d05104d_rw_1200-300x200.jpg 300w, https:\/\/www.museumspass.ch\/wp-content\/uploads\/6b6a3461-3cd9-4cba-9c24-7e4f3d05104d_rw_1200-768x512.jpg 768w, https:\/\/www.museumspass.ch\/wp-content\/uploads\/6b6a3461-3cd9-4cba-9c24-7e4f3d05104d_rw_1200-18x12.jpg 18w, https:\/\/www.museumspass.ch\/wp-content\/uploads\/6b6a3461-3cd9-4cba-9c24-7e4f3d05104d_rw_1200.jpg 1200w\" sizes=\"(max-width: 1024px) 100vw, 1024px\" \/><\/figure>\n\n\n\n<figure class=\"wp-block-image size-large\"><img loading=\"lazy\" decoding=\"async\" width=\"1024\" height=\"683\" src=\"https:\/\/www.museumspass.ch\/wp-content\/uploads\/DSC_3026-1024x683.jpg\" alt=\"Le Salon bleu r\u00e9duit \u00e0 sa substance architecturale\" class=\"wp-image-12301\" srcset=\"https:\/\/www.museumspass.ch\/wp-content\/uploads\/DSC_3026-1024x683.jpg 1024w, https:\/\/www.museumspass.ch\/wp-content\/uploads\/DSC_3026-300x200.jpg 300w, https:\/\/www.museumspass.ch\/wp-content\/uploads\/DSC_3026-768x512.jpg 768w, https:\/\/www.museumspass.ch\/wp-content\/uploads\/DSC_3026-1536x1024.jpg 1536w, https:\/\/www.museumspass.ch\/wp-content\/uploads\/DSC_3026-2048x1365.jpg 2048w, https:\/\/www.museumspass.ch\/wp-content\/uploads\/DSC_3026-18x12.jpg 18w\" sizes=\"(max-width: 1024px) 100vw, 1024px\" \/><\/figure>\n\n\n\n<div style=\"height:20px\" aria-hidden=\"true\" class=\"wp-block-spacer\"><\/div>\n\n\n\n<p>Le chantier de 18 mois vise trois objectifs majeurs :<\/p>\n\n\n\n<p>L\u2019efficacit\u00e9 \u00e9nerg\u00e9tique : R\u00e9fection de la toiture, de la fa\u00e7ade et de l\u2019\u00e9tanch\u00e9it\u00e9 pour r\u00e9pondre aux normes actuelles.<\/p>\n\n\n\n<p>La discr\u00e9tion technique : Finis les climatiseurs bruyants et les humidificateurs mobiles qu'il fallait remplir et vider manuellement. Le futur syst\u00e8me sera centralis\u00e9, plus performant et surtout... invisible, pour rendre aux salles leur cachet d'origine.<\/p>\n\n\n\n<p>L\u2019exp\u00e9rience du public : Repenser le parcours des visiteuses et visiteurs, am\u00e9liorer les flux de circulation et moderniser l\u2019ascenseur.<\/p>\n\n\n\n<div style=\"height:20px\" aria-hidden=\"true\" class=\"wp-block-spacer\"><\/div>\n\n\n\n<h3 class=\"wp-block-heading\"><strong>Une dynamique partag\u00e9e<\/strong><\/h3>\n\n\n\n<div style=\"height:20px\" aria-hidden=\"true\" class=\"wp-block-spacer\"><\/div>\n\n\n\n<p>L'Hermitage n'est pas le seul mus\u00e9e suisse \u00e0 entreprendre de tels travaux. Des institutions comme le Mus\u00e9e Langmatt \u00e0 Baden ou la Villa Flora \u00e0 Winterthour ont suivi des trajectoires similaires.<\/p>\n\n\n\n<p>\u00ab On se parle \u00bb, confirme Aur\u00e9lie Couvreur. \u00ab \u00c0 Winterthour, nos coll\u00e8gues nous ont expliqu\u00e9 leurs choix et leurs enjeux. On a fait plusieurs visites techniques pour comprendre comment ils ont abord\u00e9 les choses et quelles technologies ils ont choisies. Il est int\u00e9ressant de voir comment le lieu vit une fois r\u00e9nov\u00e9. \u00bb<\/p>\n\n\n\n<div style=\"height:20px\" aria-hidden=\"true\" class=\"wp-block-spacer\"><\/div>\n\n\n\n<div class=\"wp-block-columns is-layout-flex wp-container-core-columns-is-layout-28f84493 wp-block-columns-is-layout-flex\">\n<div class=\"wp-block-column is-layout-flow wp-block-column-is-layout-flow\">\n<figure class=\"wp-block-image size-large\"><img loading=\"lazy\" decoding=\"async\" width=\"1024\" height=\"683\" src=\"https:\/\/www.museumspass.ch\/wp-content\/uploads\/e37af086-9b7e-445e-bae4-fd45de02cdf7_rw_1920-1024x683.jpg\" alt=\"\" class=\"wp-image-12310\" srcset=\"https:\/\/www.museumspass.ch\/wp-content\/uploads\/e37af086-9b7e-445e-bae4-fd45de02cdf7_rw_1920-1024x683.jpg 1024w, https:\/\/www.museumspass.ch\/wp-content\/uploads\/e37af086-9b7e-445e-bae4-fd45de02cdf7_rw_1920-300x200.jpg 300w, https:\/\/www.museumspass.ch\/wp-content\/uploads\/e37af086-9b7e-445e-bae4-fd45de02cdf7_rw_1920-768x512.jpg 768w, https:\/\/www.museumspass.ch\/wp-content\/uploads\/e37af086-9b7e-445e-bae4-fd45de02cdf7_rw_1920-1536x1024.jpg 1536w, https:\/\/www.museumspass.ch\/wp-content\/uploads\/e37af086-9b7e-445e-bae4-fd45de02cdf7_rw_1920-18x12.jpg 18w, https:\/\/www.museumspass.ch\/wp-content\/uploads\/e37af086-9b7e-445e-bae4-fd45de02cdf7_rw_1920.jpg 1920w\" sizes=\"(max-width: 1024px) 100vw, 1024px\" \/><\/figure>\n<\/div>\n\n\n\n<div class=\"wp-block-column is-layout-flow wp-block-column-is-layout-flow\">\n<figure class=\"wp-block-image size-large\"><img loading=\"lazy\" decoding=\"async\" width=\"1024\" height=\"683\" src=\"https:\/\/www.museumspass.ch\/wp-content\/uploads\/2c5ae4f2-fe95-4036-86da-e77479c93250_rw_1920-1024x683.jpg\" alt=\"\" class=\"wp-image-12311\" srcset=\"https:\/\/www.museumspass.ch\/wp-content\/uploads\/2c5ae4f2-fe95-4036-86da-e77479c93250_rw_1920-1024x683.jpg 1024w, https:\/\/www.museumspass.ch\/wp-content\/uploads\/2c5ae4f2-fe95-4036-86da-e77479c93250_rw_1920-300x200.jpg 300w, https:\/\/www.museumspass.ch\/wp-content\/uploads\/2c5ae4f2-fe95-4036-86da-e77479c93250_rw_1920-768x512.jpg 768w, https:\/\/www.museumspass.ch\/wp-content\/uploads\/2c5ae4f2-fe95-4036-86da-e77479c93250_rw_1920-1536x1024.jpg 1536w, https:\/\/www.museumspass.ch\/wp-content\/uploads\/2c5ae4f2-fe95-4036-86da-e77479c93250_rw_1920-18x12.jpg 18w, https:\/\/www.museumspass.ch\/wp-content\/uploads\/2c5ae4f2-fe95-4036-86da-e77479c93250_rw_1920.jpg 1920w\" sizes=\"(max-width: 1024px) 100vw, 1024px\" \/><\/figure>\n<\/div>\n\n\n\n<div class=\"wp-block-column is-layout-flow wp-block-column-is-layout-flow\">\n<figure class=\"wp-block-image size-large\"><img loading=\"lazy\" decoding=\"async\" width=\"1024\" height=\"683\" src=\"https:\/\/www.museumspass.ch\/wp-content\/uploads\/a8cf1618-fd1e-47aa-81fc-6131995c7775_rw_1920-1024x683.jpg\" alt=\"\" class=\"wp-image-12312\" srcset=\"https:\/\/www.museumspass.ch\/wp-content\/uploads\/a8cf1618-fd1e-47aa-81fc-6131995c7775_rw_1920-1024x683.jpg 1024w, https:\/\/www.museumspass.ch\/wp-content\/uploads\/a8cf1618-fd1e-47aa-81fc-6131995c7775_rw_1920-300x200.jpg 300w, https:\/\/www.museumspass.ch\/wp-content\/uploads\/a8cf1618-fd1e-47aa-81fc-6131995c7775_rw_1920-768x512.jpg 768w, https:\/\/www.museumspass.ch\/wp-content\/uploads\/a8cf1618-fd1e-47aa-81fc-6131995c7775_rw_1920-1536x1024.jpg 1536w, https:\/\/www.museumspass.ch\/wp-content\/uploads\/a8cf1618-fd1e-47aa-81fc-6131995c7775_rw_1920-18x12.jpg 18w, https:\/\/www.museumspass.ch\/wp-content\/uploads\/a8cf1618-fd1e-47aa-81fc-6131995c7775_rw_1920.jpg 1920w\" sizes=\"(max-width: 1024px) 100vw, 1024px\" \/><\/figure>\n<\/div>\n<\/div>\n\n\n\n<div class=\"wp-block-columns is-layout-flex wp-container-core-columns-is-layout-28f84493 wp-block-columns-is-layout-flex\">\n<div class=\"wp-block-column is-layout-flow wp-block-column-is-layout-flow\">\n<figure class=\"wp-block-image size-large\"><img loading=\"lazy\" decoding=\"async\" width=\"1024\" height=\"683\" src=\"https:\/\/www.museumspass.ch\/wp-content\/uploads\/a1cad6b2-883d-4512-8874-907c19d38bd9_rw_1920-1024x683.jpg\" alt=\"\" class=\"wp-image-12313\" srcset=\"https:\/\/www.museumspass.ch\/wp-content\/uploads\/a1cad6b2-883d-4512-8874-907c19d38bd9_rw_1920-1024x683.jpg 1024w, https:\/\/www.museumspass.ch\/wp-content\/uploads\/a1cad6b2-883d-4512-8874-907c19d38bd9_rw_1920-300x200.jpg 300w, https:\/\/www.museumspass.ch\/wp-content\/uploads\/a1cad6b2-883d-4512-8874-907c19d38bd9_rw_1920-768x512.jpg 768w, https:\/\/www.museumspass.ch\/wp-content\/uploads\/a1cad6b2-883d-4512-8874-907c19d38bd9_rw_1920-1536x1024.jpg 1536w, https:\/\/www.museumspass.ch\/wp-content\/uploads\/a1cad6b2-883d-4512-8874-907c19d38bd9_rw_1920-18x12.jpg 18w, https:\/\/www.museumspass.ch\/wp-content\/uploads\/a1cad6b2-883d-4512-8874-907c19d38bd9_rw_1920.jpg 1920w\" sizes=\"(max-width: 1024px) 100vw, 1024px\" \/><\/figure>\n<\/div>\n\n\n\n<div class=\"wp-block-column is-layout-flow wp-block-column-is-layout-flow\">\n<figure class=\"wp-block-image size-large\"><img loading=\"lazy\" decoding=\"async\" width=\"1024\" height=\"683\" src=\"https:\/\/www.museumspass.ch\/wp-content\/uploads\/a3650bea-98b7-4a60-9566-b1983e8edac8_rw_1920-1024x683.jpg\" alt=\"\" class=\"wp-image-12314\" srcset=\"https:\/\/www.museumspass.ch\/wp-content\/uploads\/a3650bea-98b7-4a60-9566-b1983e8edac8_rw_1920-1024x683.jpg 1024w, https:\/\/www.museumspass.ch\/wp-content\/uploads\/a3650bea-98b7-4a60-9566-b1983e8edac8_rw_1920-300x200.jpg 300w, https:\/\/www.museumspass.ch\/wp-content\/uploads\/a3650bea-98b7-4a60-9566-b1983e8edac8_rw_1920-768x512.jpg 768w, https:\/\/www.museumspass.ch\/wp-content\/uploads\/a3650bea-98b7-4a60-9566-b1983e8edac8_rw_1920-1536x1024.jpg 1536w, https:\/\/www.museumspass.ch\/wp-content\/uploads\/a3650bea-98b7-4a60-9566-b1983e8edac8_rw_1920-18x12.jpg 18w, https:\/\/www.museumspass.ch\/wp-content\/uploads\/a3650bea-98b7-4a60-9566-b1983e8edac8_rw_1920.jpg 1920w\" sizes=\"(max-width: 1024px) 100vw, 1024px\" \/><\/figure>\n<\/div>\n\n\n\n<div class=\"wp-block-column is-layout-flow wp-block-column-is-layout-flow\">\n<figure class=\"wp-block-image size-large\"><img loading=\"lazy\" decoding=\"async\" width=\"1024\" height=\"683\" src=\"https:\/\/www.museumspass.ch\/wp-content\/uploads\/e7fc69b4-814d-409e-9c26-86374182b29d_rw_1920-1024x683.jpg\" alt=\"\" class=\"wp-image-12315\" srcset=\"https:\/\/www.museumspass.ch\/wp-content\/uploads\/e7fc69b4-814d-409e-9c26-86374182b29d_rw_1920-1024x683.jpg 1024w, https:\/\/www.museumspass.ch\/wp-content\/uploads\/e7fc69b4-814d-409e-9c26-86374182b29d_rw_1920-300x200.jpg 300w, https:\/\/www.museumspass.ch\/wp-content\/uploads\/e7fc69b4-814d-409e-9c26-86374182b29d_rw_1920-768x512.jpg 768w, https:\/\/www.museumspass.ch\/wp-content\/uploads\/e7fc69b4-814d-409e-9c26-86374182b29d_rw_1920-1536x1024.jpg 1536w, https:\/\/www.museumspass.ch\/wp-content\/uploads\/e7fc69b4-814d-409e-9c26-86374182b29d_rw_1920-18x12.jpg 18w, https:\/\/www.museumspass.ch\/wp-content\/uploads\/e7fc69b4-814d-409e-9c26-86374182b29d_rw_1920.jpg 1920w\" sizes=\"(max-width: 1024px) 100vw, 1024px\" \/><\/figure>\n<\/div>\n<\/div>\n\n\n\n<div style=\"height:20px\" aria-hidden=\"true\" class=\"wp-block-spacer\"><\/div>\n\n\n\n<h3 class=\"wp-block-heading\"><strong>Repenser les r\u00e9serves<\/strong><\/h3>\n\n\n\n<div style=\"height:20px\" aria-hidden=\"true\" class=\"wp-block-spacer\"><\/div>\n\n\n\n<p>Pour Aur\u00e9lie Couvreur, les travaux sont une opportunit\u00e9 logistique rare : \u00ab C\u2019est l\u2019occasion de repenser nos r\u00e9serves. On va jouer \u00e0 une sorte de Tetris g\u00e9ant pour augmenter la densit\u00e9 de stockage et revenir dans une maison plus fonctionnelle. \u00bb Pr\u00e8s de 800 \u0153uvres sont ainsi d\u00e9plac\u00e9es vers des d\u00e9p\u00f4ts temporaires le temps des travaux.<\/p>\n\n\n\n<div style=\"height:20px\" aria-hidden=\"true\" class=\"wp-block-spacer\"><\/div>\n\n\n\n<figure class=\"wp-block-image size-large\"><img loading=\"lazy\" decoding=\"async\" width=\"1024\" height=\"683\" src=\"https:\/\/www.museumspass.ch\/wp-content\/uploads\/6f9eb7d7-44f2-44ca-89df-dc5882bfb536_rw_1200-1024x683.jpg\" alt=\"Archives\" class=\"wp-image-12299\" srcset=\"https:\/\/www.museumspass.ch\/wp-content\/uploads\/6f9eb7d7-44f2-44ca-89df-dc5882bfb536_rw_1200-1024x683.jpg 1024w, https:\/\/www.museumspass.ch\/wp-content\/uploads\/6f9eb7d7-44f2-44ca-89df-dc5882bfb536_rw_1200-300x200.jpg 300w, https:\/\/www.museumspass.ch\/wp-content\/uploads\/6f9eb7d7-44f2-44ca-89df-dc5882bfb536_rw_1200-768x512.jpg 768w, https:\/\/www.museumspass.ch\/wp-content\/uploads\/6f9eb7d7-44f2-44ca-89df-dc5882bfb536_rw_1200-18x12.jpg 18w, https:\/\/www.museumspass.ch\/wp-content\/uploads\/6f9eb7d7-44f2-44ca-89df-dc5882bfb536_rw_1200.jpg 1200w\" sizes=\"(max-width: 1024px) 100vw, 1024px\" \/><\/figure>\n\n\n\n<div style=\"height:20px\" aria-hidden=\"true\" class=\"wp-block-spacer\"><\/div>\n\n\n\n<h3 class=\"wp-block-heading\"><strong>Perspectives pour l'automne 2027<\/strong><\/h3>\n\n\n\n<div style=\"height:20px\" aria-hidden=\"true\" class=\"wp-block-spacer\"><\/div>\n\n\n\n<p>La r\u00e9ouverture est pr\u00e9vue pour l'automne 2027 avec un parcours de visite modifi\u00e9. Certaines pi\u00e8ces du rez-de-chauss\u00e9e et du premier \u00e9tage, jusqu'ici priv\u00e9es, seront ouvertes au public.<\/p>\n\n\n\n<p>Quant \u00e0 l'exposition qui marquera ce nouveau chapitre, l'\u00e9quipe maintient le myst\u00e8re. \u00ab On est en train de finaliser des choses pour la r\u00e9ouverture. Mais ce n'est pas encore fini... ce sera une surprise \u00bb, conclut Aur\u00e9lie Couvreur.<\/p>\n\n\n\n<div style=\"height:20px\" aria-hidden=\"true\" class=\"wp-block-spacer\"><\/div>\n\n\n\n<figure class=\"wp-block-image size-large\"><img loading=\"lazy\" decoding=\"async\" width=\"1024\" height=\"683\" src=\"https:\/\/www.museumspass.ch\/wp-content\/uploads\/8632e9f8-7bac-4c50-8796-babdb23f92b8_rw_1200-1024x683.jpg\" alt=\"Escalier\" class=\"wp-image-12300\" srcset=\"https:\/\/www.museumspass.ch\/wp-content\/uploads\/8632e9f8-7bac-4c50-8796-babdb23f92b8_rw_1200-1024x683.jpg 1024w, https:\/\/www.museumspass.ch\/wp-content\/uploads\/8632e9f8-7bac-4c50-8796-babdb23f92b8_rw_1200-300x200.jpg 300w, https:\/\/www.museumspass.ch\/wp-content\/uploads\/8632e9f8-7bac-4c50-8796-babdb23f92b8_rw_1200-768x512.jpg 768w, https:\/\/www.museumspass.ch\/wp-content\/uploads\/8632e9f8-7bac-4c50-8796-babdb23f92b8_rw_1200-18x12.jpg 18w, https:\/\/www.museumspass.ch\/wp-content\/uploads\/8632e9f8-7bac-4c50-8796-babdb23f92b8_rw_1200.jpg 1200w\" sizes=\"(max-width: 1024px) 100vw, 1024px\" \/><\/figure>\n\n\n\n<div style=\"height:40px\" aria-hidden=\"true\" class=\"wp-block-spacer\"><\/div>\n\n\n\n<div class=\"wp-block-columns has-border-color has-background is-layout-flex wp-container-core-columns-is-layout-28f84493 wp-block-columns-is-layout-flex\" style=\"border-color:#c8c8c8;border-width:1px;background-color:#e9eef0\">\n<div class=\"wp-block-column is-layout-flow wp-block-column-is-layout-flow\" style=\"flex-basis:50%\">\n<figure class=\"wp-block-image size-full is-resized\"><img loading=\"lazy\" decoding=\"async\" width=\"479\" height=\"480\" src=\"https:\/\/www.museumspass.ch\/wp-content\/uploads\/dom.png\" alt=\"\" class=\"wp-image-12320\" style=\"aspect-ratio:0.9979329558731015;width:305px;height:auto\" srcset=\"https:\/\/www.museumspass.ch\/wp-content\/uploads\/dom.png 479w, https:\/\/www.museumspass.ch\/wp-content\/uploads\/dom-300x300.png 300w, https:\/\/www.museumspass.ch\/wp-content\/uploads\/dom-150x150.png 150w, https:\/\/www.museumspass.ch\/wp-content\/uploads\/dom-12x12.png 12w\" sizes=\"(max-width: 479px) 100vw, 479px\" \/><\/figure>\n<\/div>\n\n\n\n<div class=\"wp-block-column is-layout-flow wp-block-column-is-layout-flow\" style=\"flex-basis:50%\">\n<h2 class=\"wp-block-heading\"><a href=\"https:\/\/blog.dominikgehl.com\/\" type=\"link\" id=\"https:\/\/blog.dominikgehl.com\/\">Dominik Gehl<\/a><\/h2>\n\n\n\n<p>Depuis 2018, Dominik Gehl est l'ambassadeur du Passeport Mus\u00e9es Suisses, afin de capturer le paysage mus\u00e9al vari\u00e9 de la Suisse \u00e0 partir de sa perspective tr\u00e8s personnelle. Son \u0153il pour l'architecture et les lignes \u00e9pur\u00e9es l'aide \u00e0 capturer de mani\u00e8re documentaire l'esth\u00e9tique silencieuse des espaces vides et la dynamique des transformations - comme actuellement \u00e0 la Fondation de l'Hermitage. Quand il n'explore pas les mus\u00e9es, il partage sa passion pour la photographie et les voyages avec une communaut\u00e9 grandissante sur les m\u00e9dias sociaux.<\/p>\n<\/div>\n<\/div>\n\n\n\n<p><\/p>","protected":false},"excerpt":{"rendered":"<p>Silence au Salon bleu : alors que la Fondation de l'Hermitage ferme ses portes pour une r\u00e9novation de 18 mois, notre ambassadeur Dominik Gehl a os\u00e9 jeter un coup d'\u0153il en coulisses. D\u00e9couvrez son reportage photo exclusif sur une maison en pleine mutation - et apprenez comment le programme \u201aon the road\u2018 am\u00e8ne l'art \u00e0 la population pendant la dur\u00e9e des travaux.<\/p>","protected":false},"author":2,"featured_media":12295,"comment_status":"closed","ping_status":"open","sticky":false,"template":"","format":"standard","meta":{"footnotes":""},"categories":[70],"tags":[],"class_list":["post-12294","post","type-post","status-publish","format-standard","has-post-thumbnail","hentry","category-museums-news"],"yoast_head":"<!-- This site is optimized with the Yoast SEO plugin v26.8 - https:\/\/yoast.com\/product\/yoast-seo-wordpress\/ -->\n<title>Hinter den Kulissen: Die Verwandlung der Fondation de l&#039;Hermitage - Schweizer Museumspass Fondation de l\u2019Hermitage: Ein Blick hinter die Kulissen der Renovierung<\/title>\n<meta name=\"description\" content=\"Stille im Salon bleu: W\u00e4hrend die Fondation de l\u2019Hermitage ihre T\u00fcren f\u00fcr eine 18-monatige Renovierung schliesst, hat unser Botschafter Dominik Gehl den Blick hinter die Kulissen gewagt. Entdecken Sie seine exklusive Fotoreportage \u00fcber ein Haus im Wandel \u2013 und erfahren Sie, wie das Programm &#039;on the road&#039; die Kunst w\u00e4hrend der Bauzeit zu den Menschen bringt.\" \/>\n<meta name=\"robots\" content=\"index, follow, max-snippet:-1, max-image-preview:large, max-video-preview:-1\" \/>\n<link rel=\"canonical\" href=\"https:\/\/www.museumspass.ch\/fr\/derriere-les-coulisses-la-transformation-de-la-fondation-de-lhermitage\/\" \/>\n<meta property=\"og:locale\" content=\"fr_FR\" \/>\n<meta property=\"og:type\" content=\"article\" \/>\n<meta property=\"og:title\" content=\"Hinter den Kulissen: Die Verwandlung der Fondation de l&#039;Hermitage - Schweizer Museumspass Fondation de l\u2019Hermitage: Ein Blick hinter die Kulissen der Renovierung\" \/>\n<meta property=\"og:description\" content=\"Stille im Salon bleu: W\u00e4hrend die Fondation de l\u2019Hermitage ihre T\u00fcren f\u00fcr eine 18-monatige Renovierung schliesst, hat unser Botschafter Dominik Gehl den Blick hinter die Kulissen gewagt. Entdecken Sie seine exklusive Fotoreportage \u00fcber ein Haus im Wandel \u2013 und erfahren Sie, wie das Programm &#039;on the road&#039; die Kunst w\u00e4hrend der Bauzeit zu den Menschen bringt.\" \/>\n<meta property=\"og:url\" content=\"https:\/\/www.museumspass.ch\/fr\/derriere-les-coulisses-la-transformation-de-la-fondation-de-lhermitage\/\" \/>\n<meta property=\"og:site_name\" content=\"Schweizer Museumspass\" \/>\n<meta property=\"article:publisher\" content=\"https:\/\/www.facebook.com\/SchweizerMuseumspass\/\" \/>\n<meta property=\"article:published_time\" content=\"2026-03-16T13:58:53+00:00\" \/>\n<meta property=\"article:modified_time\" content=\"2026-03-16T13:58:54+00:00\" \/>\n<meta property=\"og:image\" content=\"https:\/\/www.museumspass.ch\/wp-content\/uploads\/e9cc909c-d633-4886-9d56-e1a448e8446d_rw_1920.jpg\" \/>\n\t<meta property=\"og:image:width\" content=\"1920\" \/>\n\t<meta property=\"og:image:height\" content=\"1280\" \/>\n\t<meta property=\"og:image:type\" content=\"image\/jpeg\" \/>\n<meta name=\"author\" content=\"Basile\" \/>\n<meta name=\"twitter:card\" content=\"summary_large_image\" \/>\n<meta name=\"twitter:label1\" content=\"\u00c9crit par\" \/>\n\t<meta name=\"twitter:data1\" content=\"Basile\" \/>\n\t<meta name=\"twitter:label2\" content=\"Dur\u00e9e de lecture estim\u00e9e\" \/>\n\t<meta name=\"twitter:data2\" content=\"10 minutes\" \/>\n<script type=\"application\/ld+json\" class=\"yoast-schema-graph\">{\"@context\":\"https:\/\/schema.org\",\"@graph\":[{\"@type\":\"Article\",\"@id\":\"https:\/\/www.museumspass.ch\/hinter-den-kulissen-die-verwandlung-der-fondation-de-lhermitage\/#article\",\"isPartOf\":{\"@id\":\"https:\/\/www.museumspass.ch\/hinter-den-kulissen-die-verwandlung-der-fondation-de-lhermitage\/\"},\"author\":{\"name\":\"Basile\",\"@id\":\"https:\/\/www.museumspass.ch\/de\/#\/schema\/person\/203c31df7590e52a3ca993981b194550\"},\"headline\":\"Hinter den Kulissen: Die Verwandlung der Fondation de l&#8217;Hermitage\",\"datePublished\":\"2026-03-16T13:58:53+00:00\",\"dateModified\":\"2026-03-16T13:58:54+00:00\",\"mainEntityOfPage\":{\"@id\":\"https:\/\/www.museumspass.ch\/hinter-den-kulissen-die-verwandlung-der-fondation-de-lhermitage\/\"},\"wordCount\":987,\"publisher\":{\"@id\":\"https:\/\/www.museumspass.ch\/de\/#organization\"},\"image\":{\"@id\":\"https:\/\/www.museumspass.ch\/hinter-den-kulissen-die-verwandlung-der-fondation-de-lhermitage\/#primaryimage\"},\"thumbnailUrl\":\"https:\/\/www.museumspass.ch\/wp-content\/uploads\/e9cc909c-d633-4886-9d56-e1a448e8446d_rw_1920.jpg\",\"articleSection\":[\"Museums-News\"],\"inLanguage\":\"fr-FR\"},{\"@type\":\"WebPage\",\"@id\":\"https:\/\/www.museumspass.ch\/hinter-den-kulissen-die-verwandlung-der-fondation-de-lhermitage\/\",\"url\":\"https:\/\/www.museumspass.ch\/hinter-den-kulissen-die-verwandlung-der-fondation-de-lhermitage\/\",\"name\":\"Hinter den Kulissen: Die Verwandlung der Fondation de l'Hermitage - Schweizer Museumspass Fondation de l\u2019Hermitage: Ein Blick hinter die Kulissen der Renovierung\",\"isPartOf\":{\"@id\":\"https:\/\/www.museumspass.ch\/de\/#website\"},\"primaryImageOfPage\":{\"@id\":\"https:\/\/www.museumspass.ch\/hinter-den-kulissen-die-verwandlung-der-fondation-de-lhermitage\/#primaryimage\"},\"image\":{\"@id\":\"https:\/\/www.museumspass.ch\/hinter-den-kulissen-die-verwandlung-der-fondation-de-lhermitage\/#primaryimage\"},\"thumbnailUrl\":\"https:\/\/www.museumspass.ch\/wp-content\/uploads\/e9cc909c-d633-4886-9d56-e1a448e8446d_rw_1920.jpg\",\"datePublished\":\"2026-03-16T13:58:53+00:00\",\"dateModified\":\"2026-03-16T13:58:54+00:00\",\"description\":\"Stille im Salon bleu: W\u00e4hrend die Fondation de l\u2019Hermitage ihre T\u00fcren f\u00fcr eine 18-monatige Renovierung schliesst, hat unser Botschafter Dominik Gehl den Blick hinter die Kulissen gewagt. Entdecken Sie seine exklusive Fotoreportage \u00fcber ein Haus im Wandel \u2013 und erfahren Sie, wie das Programm 'on the road' die Kunst w\u00e4hrend der Bauzeit zu den Menschen bringt.\",\"breadcrumb\":{\"@id\":\"https:\/\/www.museumspass.ch\/hinter-den-kulissen-die-verwandlung-der-fondation-de-lhermitage\/#breadcrumb\"},\"inLanguage\":\"fr-FR\",\"potentialAction\":[{\"@type\":\"ReadAction\",\"target\":[\"https:\/\/www.museumspass.ch\/hinter-den-kulissen-die-verwandlung-der-fondation-de-lhermitage\/\"]}]},{\"@type\":\"ImageObject\",\"inLanguage\":\"fr-FR\",\"@id\":\"https:\/\/www.museumspass.ch\/hinter-den-kulissen-die-verwandlung-der-fondation-de-lhermitage\/#primaryimage\",\"url\":\"https:\/\/www.museumspass.ch\/wp-content\/uploads\/e9cc909c-d633-4886-9d56-e1a448e8446d_rw_1920.jpg\",\"contentUrl\":\"https:\/\/www.museumspass.ch\/wp-content\/uploads\/e9cc909c-d633-4886-9d56-e1a448e8446d_rw_1920.jpg\",\"width\":1920,\"height\":1280},{\"@type\":\"BreadcrumbList\",\"@id\":\"https:\/\/www.museumspass.ch\/hinter-den-kulissen-die-verwandlung-der-fondation-de-lhermitage\/#breadcrumb\",\"itemListElement\":[{\"@type\":\"ListItem\",\"position\":1,\"name\":\"Start\",\"item\":\"https:\/\/www.museumspass.ch\/de\/\"},{\"@type\":\"ListItem\",\"position\":2,\"name\":\"Hinter den Kulissen: Die Verwandlung der Fondation de l&#8217;Hermitage\"}]},{\"@type\":\"WebSite\",\"@id\":\"https:\/\/www.museumspass.ch\/de\/#website\",\"url\":\"https:\/\/www.museumspass.ch\/de\/\",\"name\":\"Schweizer Museumspass\",\"description\":\"1 Jahr lang kostenlosen Zugang zu \u00fcber 500 Schweizer Museen\",\"publisher\":{\"@id\":\"https:\/\/www.museumspass.ch\/de\/#organization\"},\"potentialAction\":[{\"@type\":\"SearchAction\",\"target\":{\"@type\":\"EntryPoint\",\"urlTemplate\":\"https:\/\/www.museumspass.ch\/de\/?s={search_term_string}\"},\"query-input\":{\"@type\":\"PropertyValueSpecification\",\"valueRequired\":true,\"valueName\":\"search_term_string\"}}],\"inLanguage\":\"fr-FR\"},{\"@type\":\"Organization\",\"@id\":\"https:\/\/www.museumspass.ch\/de\/#organization\",\"name\":\"Schweizer Museumspass\",\"url\":\"https:\/\/www.museumspass.ch\/de\/\",\"logo\":{\"@type\":\"ImageObject\",\"inLanguage\":\"fr-FR\",\"@id\":\"https:\/\/www.museumspass.ch\/de\/#\/schema\/logo\/image\/\",\"url\":\"https:\/\/www.museumspass.ch\/wp-content\/uploads\/Design-ohne-Titel-55.png\",\"contentUrl\":\"https:\/\/www.museumspass.ch\/wp-content\/uploads\/Design-ohne-Titel-55.png\",\"width\":1024,\"height\":576,\"caption\":\"Schweizer Museumspass\"},\"image\":{\"@id\":\"https:\/\/www.museumspass.ch\/de\/#\/schema\/logo\/image\/\"},\"sameAs\":[\"https:\/\/www.facebook.com\/SchweizerMuseumspass\/\",\"https:\/\/www.instagram.com\/museumspass\/\",\"https:\/\/www.linkedin.com\/company\/stiftung-schweizer-museumspass\/\"]},{\"@type\":\"Person\",\"@id\":\"https:\/\/www.museumspass.ch\/de\/#\/schema\/person\/203c31df7590e52a3ca993981b194550\",\"name\":\"Basile\",\"image\":{\"@type\":\"ImageObject\",\"inLanguage\":\"fr-FR\",\"@id\":\"https:\/\/www.museumspass.ch\/de\/#\/schema\/person\/image\/\",\"url\":\"https:\/\/secure.gravatar.com\/avatar\/123a9c4b6097f9a82eaef7d4a1fb0e040e8baa583dbdcc70496b9c7e8c627993?s=96&d=mm&r=g\",\"contentUrl\":\"https:\/\/secure.gravatar.com\/avatar\/123a9c4b6097f9a82eaef7d4a1fb0e040e8baa583dbdcc70496b9c7e8c627993?s=96&d=mm&r=g\",\"caption\":\"Basile\"},\"url\":\"https:\/\/www.museumspass.ch\/fr\/author\/wp-basile\/\"}]}<\/script>\n<!-- \/ Yoast SEO plugin. -->","yoast_head_json":{"title":"Les coulisses de l'Hermitage : La m\u00e9tamorphose de la Fondation de l'Hermitage - Passeport Mus\u00e9es Suisses Fondation de l'Hermitage : les coulisses de la r\u00e9novation","description":"Silence au Salon bleu : alors que la Fondation de l'Hermitage ferme ses portes pour une r\u00e9novation de 18 mois, notre ambassadeur Dominik Gehl a os\u00e9 jeter un coup d'\u0153il en coulisses. D\u00e9couvrez son reportage photo exclusif sur une maison en pleine mutation - et apprenez comment le programme 'on the road' am\u00e8ne l'art \u00e0 la population pendant la dur\u00e9e des travaux.","robots":{"index":"index","follow":"follow","max-snippet":"max-snippet:-1","max-image-preview":"max-image-preview:large","max-video-preview":"max-video-preview:-1"},"canonical":"https:\/\/www.museumspass.ch\/fr\/derriere-les-coulisses-la-transformation-de-la-fondation-de-lhermitage\/","og_locale":"fr_FR","og_type":"article","og_title":"Hinter den Kulissen: Die Verwandlung der Fondation de l'Hermitage - Schweizer Museumspass Fondation de l\u2019Hermitage: Ein Blick hinter die Kulissen der Renovierung","og_description":"Stille im Salon bleu: W\u00e4hrend die Fondation de l\u2019Hermitage ihre T\u00fcren f\u00fcr eine 18-monatige Renovierung schliesst, hat unser Botschafter Dominik Gehl den Blick hinter die Kulissen gewagt. Entdecken Sie seine exklusive Fotoreportage \u00fcber ein Haus im Wandel \u2013 und erfahren Sie, wie das Programm 'on the road' die Kunst w\u00e4hrend der Bauzeit zu den Menschen bringt.","og_url":"https:\/\/www.museumspass.ch\/fr\/derriere-les-coulisses-la-transformation-de-la-fondation-de-lhermitage\/","og_site_name":"Schweizer Museumspass","article_publisher":"https:\/\/www.facebook.com\/SchweizerMuseumspass\/","article_published_time":"2026-03-16T13:58:53+00:00","article_modified_time":"2026-03-16T13:58:54+00:00","og_image":[{"width":1920,"height":1280,"url":"https:\/\/www.museumspass.ch\/wp-content\/uploads\/e9cc909c-d633-4886-9d56-e1a448e8446d_rw_1920.jpg","type":"image\/jpeg"}],"author":"Basile","twitter_card":"summary_large_image","twitter_misc":{"\u00c9crit par":"Basile","Dur\u00e9e de lecture estim\u00e9e":"10 minutes"},"schema":{"@context":"https:\/\/schema.org","@graph":[{"@type":"Article","@id":"https:\/\/www.museumspass.ch\/hinter-den-kulissen-die-verwandlung-der-fondation-de-lhermitage\/#article","isPartOf":{"@id":"https:\/\/www.museumspass.ch\/hinter-den-kulissen-die-verwandlung-der-fondation-de-lhermitage\/"},"author":{"name":"Basile","@id":"https:\/\/www.museumspass.ch\/de\/#\/schema\/person\/203c31df7590e52a3ca993981b194550"},"headline":"Hinter den Kulissen: Die Verwandlung der Fondation de l&#8217;Hermitage","datePublished":"2026-03-16T13:58:53+00:00","dateModified":"2026-03-16T13:58:54+00:00","mainEntityOfPage":{"@id":"https:\/\/www.museumspass.ch\/hinter-den-kulissen-die-verwandlung-der-fondation-de-lhermitage\/"},"wordCount":987,"publisher":{"@id":"https:\/\/www.museumspass.ch\/de\/#organization"},"image":{"@id":"https:\/\/www.museumspass.ch\/hinter-den-kulissen-die-verwandlung-der-fondation-de-lhermitage\/#primaryimage"},"thumbnailUrl":"https:\/\/www.museumspass.ch\/wp-content\/uploads\/e9cc909c-d633-4886-9d56-e1a448e8446d_rw_1920.jpg","articleSection":["Museums-News"],"inLanguage":"fr-FR"},{"@type":"WebPage","@id":"https:\/\/www.museumspass.ch\/hinter-den-kulissen-die-verwandlung-der-fondation-de-lhermitage\/","url":"https:\/\/www.museumspass.ch\/hinter-den-kulissen-die-verwandlung-der-fondation-de-lhermitage\/","name":"Les coulisses de l'Hermitage : La m\u00e9tamorphose de la Fondation de l'Hermitage - Passeport Mus\u00e9es Suisses Fondation de l'Hermitage : les coulisses de la r\u00e9novation","isPartOf":{"@id":"https:\/\/www.museumspass.ch\/de\/#website"},"primaryImageOfPage":{"@id":"https:\/\/www.museumspass.ch\/hinter-den-kulissen-die-verwandlung-der-fondation-de-lhermitage\/#primaryimage"},"image":{"@id":"https:\/\/www.museumspass.ch\/hinter-den-kulissen-die-verwandlung-der-fondation-de-lhermitage\/#primaryimage"},"thumbnailUrl":"https:\/\/www.museumspass.ch\/wp-content\/uploads\/e9cc909c-d633-4886-9d56-e1a448e8446d_rw_1920.jpg","datePublished":"2026-03-16T13:58:53+00:00","dateModified":"2026-03-16T13:58:54+00:00","description":"Silence au Salon bleu : alors que la Fondation de l'Hermitage ferme ses portes pour une r\u00e9novation de 18 mois, notre ambassadeur Dominik Gehl a os\u00e9 jeter un coup d'\u0153il en coulisses. D\u00e9couvrez son reportage photo exclusif sur une maison en pleine mutation - et apprenez comment le programme 'on the road' am\u00e8ne l'art \u00e0 la population pendant la dur\u00e9e des travaux.","breadcrumb":{"@id":"https:\/\/www.museumspass.ch\/hinter-den-kulissen-die-verwandlung-der-fondation-de-lhermitage\/#breadcrumb"},"inLanguage":"fr-FR","potentialAction":[{"@type":"ReadAction","target":["https:\/\/www.museumspass.ch\/hinter-den-kulissen-die-verwandlung-der-fondation-de-lhermitage\/"]}]},{"@type":"ImageObject","inLanguage":"fr-FR","@id":"https:\/\/www.museumspass.ch\/hinter-den-kulissen-die-verwandlung-der-fondation-de-lhermitage\/#primaryimage","url":"https:\/\/www.museumspass.ch\/wp-content\/uploads\/e9cc909c-d633-4886-9d56-e1a448e8446d_rw_1920.jpg","contentUrl":"https:\/\/www.museumspass.ch\/wp-content\/uploads\/e9cc909c-d633-4886-9d56-e1a448e8446d_rw_1920.jpg","width":1920,"height":1280},{"@type":"BreadcrumbList","@id":"https:\/\/www.museumspass.ch\/hinter-den-kulissen-die-verwandlung-der-fondation-de-lhermitage\/#breadcrumb","itemListElement":[{"@type":"ListItem","position":1,"name":"Start","item":"https:\/\/www.museumspass.ch\/de\/"},{"@type":"ListItem","position":2,"name":"Hinter den Kulissen: Die Verwandlung der Fondation de l&#8217;Hermitage"}]},{"@type":"WebSite","@id":"https:\/\/www.museumspass.ch\/de\/#website","url":"https:\/\/www.museumspass.ch\/de\/","name":"Passeport Mus\u00e9es Suisses","description":"Acc\u00e8s gratuit pendant 1 an \u00e0 plus de 500 mus\u00e9es suisses","publisher":{"@id":"https:\/\/www.museumspass.ch\/de\/#organization"},"potentialAction":[{"@type":"SearchAction","target":{"@type":"EntryPoint","urlTemplate":"https:\/\/www.museumspass.ch\/de\/?s={search_term_string}"},"query-input":{"@type":"PropertyValueSpecification","valueRequired":true,"valueName":"search_term_string"}}],"inLanguage":"fr-FR"},{"@type":"Organization","@id":"https:\/\/www.museumspass.ch\/de\/#organization","name":"Passeport Mus\u00e9es Suisses","url":"https:\/\/www.museumspass.ch\/de\/","logo":{"@type":"ImageObject","inLanguage":"fr-FR","@id":"https:\/\/www.museumspass.ch\/de\/#\/schema\/logo\/image\/","url":"https:\/\/www.museumspass.ch\/wp-content\/uploads\/Design-ohne-Titel-55.png","contentUrl":"https:\/\/www.museumspass.ch\/wp-content\/uploads\/Design-ohne-Titel-55.png","width":1024,"height":576,"caption":"Schweizer Museumspass"},"image":{"@id":"https:\/\/www.museumspass.ch\/de\/#\/schema\/logo\/image\/"},"sameAs":["https:\/\/www.facebook.com\/SchweizerMuseumspass\/","https:\/\/www.instagram.com\/museumspass\/","https:\/\/www.linkedin.com\/company\/stiftung-schweizer-museumspass\/"]},{"@type":"Person","@id":"https:\/\/www.museumspass.ch\/de\/#\/schema\/person\/203c31df7590e52a3ca993981b194550","name":"Basile","image":{"@type":"ImageObject","inLanguage":"fr-FR","@id":"https:\/\/www.museumspass.ch\/de\/#\/schema\/person\/image\/","url":"https:\/\/secure.gravatar.com\/avatar\/123a9c4b6097f9a82eaef7d4a1fb0e040e8baa583dbdcc70496b9c7e8c627993?s=96&d=mm&r=g","contentUrl":"https:\/\/secure.gravatar.com\/avatar\/123a9c4b6097f9a82eaef7d4a1fb0e040e8baa583dbdcc70496b9c7e8c627993?s=96&d=mm&r=g","caption":"Basile"},"url":"https:\/\/www.museumspass.ch\/fr\/author\/wp-basile\/"}]}},"publishpress_future_action":{"enabled":false,"date":"2026-05-08 12:50:31","action":"change-status","newStatus":"draft","terms":[],"taxonomy":"category","extraData":[]},"publishpress_future_workflow_manual_trigger":{"enabledWorkflows":[]},"_links":{"self":[{"href":"https:\/\/www.museumspass.ch\/fr\/wp-json\/wp\/v2\/posts\/12294","targetHints":{"allow":["GET"]}}],"collection":[{"href":"https:\/\/www.museumspass.ch\/fr\/wp-json\/wp\/v2\/posts"}],"about":[{"href":"https:\/\/www.museumspass.ch\/fr\/wp-json\/wp\/v2\/types\/post"}],"author":[{"embeddable":true,"href":"https:\/\/www.museumspass.ch\/fr\/wp-json\/wp\/v2\/users\/2"}],"replies":[{"embeddable":true,"href":"https:\/\/www.museumspass.ch\/fr\/wp-json\/wp\/v2\/comments?post=12294"}],"version-history":[{"count":4,"href":"https:\/\/www.museumspass.ch\/fr\/wp-json\/wp\/v2\/posts\/12294\/revisions"}],"predecessor-version":[{"id":12324,"href":"https:\/\/www.museumspass.ch\/fr\/wp-json\/wp\/v2\/posts\/12294\/revisions\/12324"}],"wp:featuredmedia":[{"embeddable":true,"href":"https:\/\/www.museumspass.ch\/fr\/wp-json\/wp\/v2\/media\/12295"}],"wp:attachment":[{"href":"https:\/\/www.museumspass.ch\/fr\/wp-json\/wp\/v2\/media?parent=12294"}],"wp:term":[{"taxonomy":"category","embeddable":true,"href":"https:\/\/www.museumspass.ch\/fr\/wp-json\/wp\/v2\/categories?post=12294"},{"taxonomy":"post_tag","embeddable":true,"href":"https:\/\/www.museumspass.ch\/fr\/wp-json\/wp\/v2\/tags?post=12294"}],"curies":[{"name":"wp","href":"https:\/\/api.w.org\/{rel}","templated":true}]}}