{"id":12546,"date":"2026-04-30T15:44:21","date_gmt":"2026-04-30T14:44:21","guid":{"rendered":"https:\/\/www.museumspass.ch\/?p=12546"},"modified":"2026-04-30T15:44:22","modified_gmt":"2026-04-30T14:44:22","slug":"30-ans-de-swiss-museum-pass-un-jubile-sous-le-signe-de-la-participation-culturelle","status":"publish","type":"post","link":"https:\/\/www.museumspass.ch\/fr\/30-ans-de-swiss-museum-pass-un-jubile-sous-le-signe-de-la-participation-culturelle\/","title":{"rendered":"30 ans de Swiss Museum Pass : Un jubil\u00e9 sous le signe de la participation culturelle"},"content":{"rendered":"<p><strong>Avec un record de visiteurs et la venue de personnalit\u00e9s au Mus\u00e9e des beaux-arts de Berne, le Swiss Museum Pass entame son ann\u00e9e du jubil\u00e9 2026.<\/strong><\/p>\n\n\n\n<figure class=\"wp-block-image size-large\"><img fetchpriority=\"high\" decoding=\"async\" width=\"1024\" height=\"683\" src=\"https:\/\/www.museumspass.ch\/wp-content\/uploads\/Portrait_BR_Elisabeth_Baume_Schneider-Museumspass-1024x683.jpg\" alt=\"\" class=\"wp-image-12547\" srcset=\"https:\/\/www.museumspass.ch\/wp-content\/uploads\/Portrait_BR_Elisabeth_Baume_Schneider-Museumspass-1024x683.jpg 1024w, https:\/\/www.museumspass.ch\/wp-content\/uploads\/Portrait_BR_Elisabeth_Baume_Schneider-Museumspass-300x200.jpg 300w, https:\/\/www.museumspass.ch\/wp-content\/uploads\/Portrait_BR_Elisabeth_Baume_Schneider-Museumspass-768x512.jpg 768w, https:\/\/www.museumspass.ch\/wp-content\/uploads\/Portrait_BR_Elisabeth_Baume_Schneider-Museumspass-1536x1024.jpg 1536w, https:\/\/www.museumspass.ch\/wp-content\/uploads\/Portrait_BR_Elisabeth_Baume_Schneider-Museumspass-2048x1365.jpg 2048w, https:\/\/www.museumspass.ch\/wp-content\/uploads\/Portrait_BR_Elisabeth_Baume_Schneider-Museumspass-18x12.jpg 18w\" sizes=\"(max-width: 1024px) 100vw, 1024px\" \/><figcaption class=\"wp-element-caption\"><em>La conseill\u00e8re f\u00e9d\u00e9rale Elisabeth Baume-Schneider lors de l'ouverture officielle de l'ann\u00e9e jubilaire au Mus\u00e9e des beaux-arts de Berne.<\/em><\/figcaption><\/figure>\n\n\n\n<p>Depuis trois d\u00e9cennies, nous poursuivons une mission claire : rendre la culture accessible \u00e0 tous. Le fait que nous ayons, juste \u00e0 temps pour notre anniversaire, la marque de <strong>1,5 million d'entr\u00e9es<\/strong> avoir franchi, ce n'est pas qu'un chiffre pour nous, c'est la confirmation de l'int\u00e9r\u00eat ind\u00e9fectible pour le paysage mus\u00e9al suisse.<\/p>\n\n\n\n<h3 class=\"wp-block-heading\">Un d\u00e9but avec une touche personnelle<\/h3>\n\n\n\n<p>Le feu vert officiel a \u00e9t\u00e9 donn\u00e9 par la conseill\u00e8re f\u00e9d\u00e9rale <strong>\u00c9lisabeth Baume-Schneider<\/strong> sur le site <a href=\"https:\/\/www.kunstmuseumbern.ch\/\" type=\"link\" id=\"https:\/\/www.kunstmuseumbern.ch\/\" target=\"_blank\" rel=\"noreferrer noopener\">Mus\u00e9e des beaux-arts de Berne<\/a>. Lors d'une visite guid\u00e9e personnalis\u00e9e, elle a donn\u00e9 un aper\u00e7u de sa vision tr\u00e8s personnelle de l'art et a pr\u00e9sent\u00e9 son \u0153uvre pr\u00e9f\u00e9r\u00e9e de Sophie Taeuber-Arp.<\/p>\n\n\n\n<p>Cette visite marque en m\u00eame temps le d\u00e9but de notre s\u00e9rie <strong>\u00abL'autre regard\u00bb<\/strong>Tout au long de l'ann\u00e9e, des personnalit\u00e9s suisses animeront des visites guid\u00e9es et partageront leurs perspectives individuelles sur diverses \u0153uvres avec le public.<\/p>\n\n\n\n<h3 class=\"wp-block-heading\">Ce qui vous attend pour l'ann\u00e9e de c\u00e9l\u00e9bration 2026<\/h3>\n\n\n\n<p>Nous ne c\u00e9l\u00e9brons pas seulement le pass\u00e9, mais nous donnons aussi un nouvel \u00e9lan \u00e0 l'avenir :<\/p>\n\n\n\n<ul class=\"wp-block-list\">\n<li><strong>Perspectives cl\u00e9s :<\/strong> Visites uniques avec des invit\u00e9s de la soci\u00e9t\u00e9 et de la culture dans toute la Suisse.<\/li>\n\n\n\n<li><strong>Votre voix compte :<\/strong> Pour la premi\u00e8re fois, le <strong><a href=\"https:\/\/www.museumspass.ch\/de\/museumspreis\/\" type=\"link\" id=\"https:\/\/www.museumspass.ch\/de\/museumspreis\/\" target=\"_blank\" rel=\"noreferrer noopener\">Prix suisse du mus\u00e9e<\/a><\/strong> attribu\u00e9 et le public d\u00e9cide qui le re\u00e7oit.<\/li>\n\n\n\n<li><strong>La culture pour tous :<\/strong> Par des coop\u00e9rations renforc\u00e9es avec la <em>Caritas<\/em>, <em>Pro Senectute<\/em> et le <em>Fondation Reka<\/em> nous continuerons \u00e0 r\u00e9duire les barri\u00e8res.<\/li>\n\n\n\n<li><strong>Partagez vos moments :<\/strong> Sous le hashtag <strong><a href=\"https:\/\/www.museumspass.ch\/de\/dreissig-jahre-schweizer-museumspass\/wettbewerb\/\" type=\"link\" id=\"https:\/\/www.museumspass.ch\/de\/dreissig-jahre-schweizer-museumspass\/wettbewerb\/\" target=\"_blank\" rel=\"noreferrer noopener\">#IloveSwissMuseums<\/a><\/strong> Nous vous invitons \u00e0 participer \u00e0 notre campagne num\u00e9rique de jubil\u00e9.<\/li>\n<\/ul>\n\n\n\n<h3 class=\"wp-block-heading\">D'une id\u00e9e \u00e0 un mouvement<\/h3>\n\n\n\n<p>Ce qui a commenc\u00e9 en 1996 comme un projet pionnier de l'Office f\u00e9d\u00e9ral de la culture, de Suisse Tourisme et de l'Association des mus\u00e9es suisses, est aujourd'hui un pilier de notre identit\u00e9. Avec plus de <strong>500 mus\u00e9es connect\u00e9s<\/strong> nous connectons les gens, les r\u00e9gions et les histoires.<\/p>\n\n\n\n<p>Nous sommes heureux de c\u00e9l\u00e9brer avec vous cette ann\u00e9e.<\/p>\n\n\n\n<p><a href=\"https:\/\/www.museumspass.ch\/de\/dreissig-jahre-schweizer-museumspass\/\" type=\"link\" id=\"https:\/\/www.museumspass.ch\/de\/dreissig-jahre-schweizer-museumspass\/\">Voici le lien vers la page anniversaire -&gt;<\/a><\/p>","protected":false},"excerpt":{"rendered":"<p>Avec un record de visiteurs et une visite de personnalit\u00e9s au Mus\u00e9e des beaux-arts de Berne, le Swiss Museum Pass entame son ann\u00e9e de jubil\u00e9 2026. Depuis trois d\u00e9cennies, nous poursuivons une mission claire : rendre la culture accessible \u00e0 tous. Le fait que nous ayons d\u00e9pass\u00e9 le cap des 1,5 million d'entr\u00e9es juste \u00e0 temps pour notre jubil\u00e9 n'est pas seulement un chiffre pour nous, c'est la confirmation [...]<\/p>","protected":false},"author":2,"featured_media":12547,"comment_status":"open","ping_status":"open","sticky":false,"template":"","format":"standard","meta":{"footnotes":""},"categories":[67],"tags":[],"class_list":["post-12546","post","type-post","status-publish","format-standard","has-post-thumbnail","hentry","category-jubilaeum"],"yoast_head":"<!-- This site is optimized with the Yoast SEO plugin v26.8 - https:\/\/yoast.com\/product\/yoast-seo-wordpress\/ -->\n<title>30 Jahre Schweizer Museumspass: Ein Jubil\u00e4um im Zeichen der kulturellen Teilhabe - Schweizer Museumspass<\/title>\n<meta name=\"description\" content=\"Zum Jubil\u00e4um 30 Jahre Schweizer Museumspass pr\u00e4sentiert Elisabeth Baume-Schneider ihr Lieblingswerk im Kunstmuseum Bern. Entdecken Sie die Highlights und unseren Wettbewerb!\" \/>\n<meta name=\"robots\" content=\"index, follow, max-snippet:-1, max-image-preview:large, max-video-preview:-1\" \/>\n<link rel=\"canonical\" href=\"https:\/\/www.museumspass.ch\/fr\/30-ans-de-swiss-museum-pass-un-jubile-sous-le-signe-de-la-participation-culturelle\/\" \/>\n<meta property=\"og:locale\" content=\"fr_FR\" \/>\n<meta property=\"og:type\" content=\"article\" \/>\n<meta property=\"og:title\" content=\"30 Jahre Schweizer Museumspass: Ein Jubil\u00e4um im Zeichen der kulturellen Teilhabe - Schweizer Museumspass\" \/>\n<meta property=\"og:description\" content=\"Zum Jubil\u00e4um 30 Jahre Schweizer Museumspass pr\u00e4sentiert Elisabeth Baume-Schneider ihr Lieblingswerk im Kunstmuseum Bern. Entdecken Sie die Highlights und unseren Wettbewerb!\" \/>\n<meta property=\"og:url\" content=\"https:\/\/www.museumspass.ch\/fr\/30-ans-de-swiss-museum-pass-un-jubile-sous-le-signe-de-la-participation-culturelle\/\" \/>\n<meta property=\"og:site_name\" content=\"Schweizer Museumspass\" \/>\n<meta property=\"article:publisher\" content=\"https:\/\/www.facebook.com\/SchweizerMuseumspass\/\" \/>\n<meta property=\"article:published_time\" content=\"2026-04-30T14:44:21+00:00\" \/>\n<meta property=\"article:modified_time\" content=\"2026-04-30T14:44:22+00:00\" \/>\n<meta property=\"og:image\" content=\"https:\/\/www.museumspass.ch\/wp-content\/uploads\/Portrait_BR_Elisabeth_Baume_Schneider-Museumspass-scaled.jpg\" \/>\n\t<meta property=\"og:image:width\" content=\"2560\" \/>\n\t<meta property=\"og:image:height\" content=\"1707\" \/>\n\t<meta property=\"og:image:type\" content=\"image\/jpeg\" \/>\n<meta name=\"author\" content=\"Basile\" \/>\n<meta name=\"twitter:card\" content=\"summary_large_image\" \/>\n<meta name=\"twitter:label1\" content=\"\u00c9crit par\" \/>\n\t<meta name=\"twitter:data1\" content=\"Basile\" \/>\n\t<meta name=\"twitter:label2\" content=\"Dur\u00e9e de lecture estim\u00e9e\" \/>\n\t<meta name=\"twitter:data2\" content=\"3 minutes\" \/>\n<script type=\"application\/ld+json\" class=\"yoast-schema-graph\">{\"@context\":\"https:\/\/schema.org\",\"@graph\":[{\"@type\":\"Article\",\"@id\":\"https:\/\/www.museumspass.ch\/30-jahre-schweizer-museumspass-ein-jubilaeum-im-zeichen-der-kulturellen-teilhabe\/#article\",\"isPartOf\":{\"@id\":\"https:\/\/www.museumspass.ch\/30-jahre-schweizer-museumspass-ein-jubilaeum-im-zeichen-der-kulturellen-teilhabe\/\"},\"author\":{\"name\":\"Basile\",\"@id\":\"https:\/\/www.museumspass.ch\/de\/#\/schema\/person\/203c31df7590e52a3ca993981b194550\"},\"headline\":\"30 Jahre Schweizer Museumspass: Ein Jubil\u00e4um im Zeichen der kulturellen Teilhabe\",\"datePublished\":\"2026-04-30T14:44:21+00:00\",\"dateModified\":\"2026-04-30T14:44:22+00:00\",\"mainEntityOfPage\":{\"@id\":\"https:\/\/www.museumspass.ch\/30-jahre-schweizer-museumspass-ein-jubilaeum-im-zeichen-der-kulturellen-teilhabe\/\"},\"wordCount\":325,\"commentCount\":0,\"publisher\":{\"@id\":\"https:\/\/www.museumspass.ch\/de\/#organization\"},\"image\":{\"@id\":\"https:\/\/www.museumspass.ch\/30-jahre-schweizer-museumspass-ein-jubilaeum-im-zeichen-der-kulturellen-teilhabe\/#primaryimage\"},\"thumbnailUrl\":\"https:\/\/www.museumspass.ch\/wp-content\/uploads\/Portrait_BR_Elisabeth_Baume_Schneider-Museumspass-scaled.jpg\",\"articleSection\":[\"Jubil\u00e4um\"],\"inLanguage\":\"fr-FR\",\"potentialAction\":[{\"@type\":\"CommentAction\",\"name\":\"Comment\",\"target\":[\"https:\/\/www.museumspass.ch\/30-jahre-schweizer-museumspass-ein-jubilaeum-im-zeichen-der-kulturellen-teilhabe\/#respond\"]}]},{\"@type\":\"WebPage\",\"@id\":\"https:\/\/www.museumspass.ch\/30-jahre-schweizer-museumspass-ein-jubilaeum-im-zeichen-der-kulturellen-teilhabe\/\",\"url\":\"https:\/\/www.museumspass.ch\/30-jahre-schweizer-museumspass-ein-jubilaeum-im-zeichen-der-kulturellen-teilhabe\/\",\"name\":\"30 Jahre Schweizer Museumspass: Ein Jubil\u00e4um im Zeichen der kulturellen Teilhabe - Schweizer Museumspass\",\"isPartOf\":{\"@id\":\"https:\/\/www.museumspass.ch\/de\/#website\"},\"primaryImageOfPage\":{\"@id\":\"https:\/\/www.museumspass.ch\/30-jahre-schweizer-museumspass-ein-jubilaeum-im-zeichen-der-kulturellen-teilhabe\/#primaryimage\"},\"image\":{\"@id\":\"https:\/\/www.museumspass.ch\/30-jahre-schweizer-museumspass-ein-jubilaeum-im-zeichen-der-kulturellen-teilhabe\/#primaryimage\"},\"thumbnailUrl\":\"https:\/\/www.museumspass.ch\/wp-content\/uploads\/Portrait_BR_Elisabeth_Baume_Schneider-Museumspass-scaled.jpg\",\"datePublished\":\"2026-04-30T14:44:21+00:00\",\"dateModified\":\"2026-04-30T14:44:22+00:00\",\"description\":\"Zum Jubil\u00e4um 30 Jahre Schweizer Museumspass pr\u00e4sentiert Elisabeth Baume-Schneider ihr Lieblingswerk im Kunstmuseum Bern. Entdecken Sie die Highlights und unseren Wettbewerb!\",\"breadcrumb\":{\"@id\":\"https:\/\/www.museumspass.ch\/30-jahre-schweizer-museumspass-ein-jubilaeum-im-zeichen-der-kulturellen-teilhabe\/#breadcrumb\"},\"inLanguage\":\"fr-FR\",\"potentialAction\":[{\"@type\":\"ReadAction\",\"target\":[\"https:\/\/www.museumspass.ch\/30-jahre-schweizer-museumspass-ein-jubilaeum-im-zeichen-der-kulturellen-teilhabe\/\"]}]},{\"@type\":\"ImageObject\",\"inLanguage\":\"fr-FR\",\"@id\":\"https:\/\/www.museumspass.ch\/30-jahre-schweizer-museumspass-ein-jubilaeum-im-zeichen-der-kulturellen-teilhabe\/#primaryimage\",\"url\":\"https:\/\/www.museumspass.ch\/wp-content\/uploads\/Portrait_BR_Elisabeth_Baume_Schneider-Museumspass-scaled.jpg\",\"contentUrl\":\"https:\/\/www.museumspass.ch\/wp-content\/uploads\/Portrait_BR_Elisabeth_Baume_Schneider-Museumspass-scaled.jpg\",\"width\":2560,\"height\":1707},{\"@type\":\"BreadcrumbList\",\"@id\":\"https:\/\/www.museumspass.ch\/30-jahre-schweizer-museumspass-ein-jubilaeum-im-zeichen-der-kulturellen-teilhabe\/#breadcrumb\",\"itemListElement\":[{\"@type\":\"ListItem\",\"position\":1,\"name\":\"Start\",\"item\":\"https:\/\/www.museumspass.ch\/de\/\"},{\"@type\":\"ListItem\",\"position\":2,\"name\":\"30 Jahre Schweizer Museumspass: Ein Jubil\u00e4um im Zeichen der kulturellen Teilhabe\"}]},{\"@type\":\"WebSite\",\"@id\":\"https:\/\/www.museumspass.ch\/de\/#website\",\"url\":\"https:\/\/www.museumspass.ch\/de\/\",\"name\":\"Schweizer Museumspass\",\"description\":\"1 Jahr lang kostenlosen Zugang zu \u00fcber 500 Schweizer Museen\",\"publisher\":{\"@id\":\"https:\/\/www.museumspass.ch\/de\/#organization\"},\"potentialAction\":[{\"@type\":\"SearchAction\",\"target\":{\"@type\":\"EntryPoint\",\"urlTemplate\":\"https:\/\/www.museumspass.ch\/de\/?s={search_term_string}\"},\"query-input\":{\"@type\":\"PropertyValueSpecification\",\"valueRequired\":true,\"valueName\":\"search_term_string\"}}],\"inLanguage\":\"fr-FR\"},{\"@type\":\"Organization\",\"@id\":\"https:\/\/www.museumspass.ch\/de\/#organization\",\"name\":\"Schweizer Museumspass\",\"url\":\"https:\/\/www.museumspass.ch\/de\/\",\"logo\":{\"@type\":\"ImageObject\",\"inLanguage\":\"fr-FR\",\"@id\":\"https:\/\/www.museumspass.ch\/de\/#\/schema\/logo\/image\/\",\"url\":\"https:\/\/www.museumspass.ch\/wp-content\/uploads\/Design-ohne-Titel-55.png\",\"contentUrl\":\"https:\/\/www.museumspass.ch\/wp-content\/uploads\/Design-ohne-Titel-55.png\",\"width\":1024,\"height\":576,\"caption\":\"Schweizer Museumspass\"},\"image\":{\"@id\":\"https:\/\/www.museumspass.ch\/de\/#\/schema\/logo\/image\/\"},\"sameAs\":[\"https:\/\/www.facebook.com\/SchweizerMuseumspass\/\",\"https:\/\/www.instagram.com\/museumspass\/\",\"https:\/\/www.linkedin.com\/company\/stiftung-schweizer-museumspass\/\"]},{\"@type\":\"Person\",\"@id\":\"https:\/\/www.museumspass.ch\/de\/#\/schema\/person\/203c31df7590e52a3ca993981b194550\",\"name\":\"Basile\",\"image\":{\"@type\":\"ImageObject\",\"inLanguage\":\"fr-FR\",\"@id\":\"https:\/\/www.museumspass.ch\/de\/#\/schema\/person\/image\/\",\"url\":\"https:\/\/secure.gravatar.com\/avatar\/123a9c4b6097f9a82eaef7d4a1fb0e040e8baa583dbdcc70496b9c7e8c627993?s=96&d=mm&r=g\",\"contentUrl\":\"https:\/\/secure.gravatar.com\/avatar\/123a9c4b6097f9a82eaef7d4a1fb0e040e8baa583dbdcc70496b9c7e8c627993?s=96&d=mm&r=g\",\"caption\":\"Basile\"},\"url\":\"https:\/\/www.museumspass.ch\/fr\/author\/wp-basile\/\"}]}<\/script>\n<!-- \/ Yoast SEO plugin. -->","yoast_head_json":{"title":"30 ans de Swiss Museum Pass : un jubil\u00e9 sous le signe de la participation culturelle - Swiss Museum Pass","description":"Pour l'anniversaire des 30 ans du Passeport Mus\u00e9es Suisses, Elisabeth Baume-Schneider pr\u00e9sente son \u0153uvre pr\u00e9f\u00e9r\u00e9e au Mus\u00e9e des Beaux-Arts de Berne. D\u00e9couvrez les points forts et notre concours !","robots":{"index":"index","follow":"follow","max-snippet":"max-snippet:-1","max-image-preview":"max-image-preview:large","max-video-preview":"max-video-preview:-1"},"canonical":"https:\/\/www.museumspass.ch\/fr\/30-ans-de-swiss-museum-pass-un-jubile-sous-le-signe-de-la-participation-culturelle\/","og_locale":"fr_FR","og_type":"article","og_title":"30 Jahre Schweizer Museumspass: Ein Jubil\u00e4um im Zeichen der kulturellen Teilhabe - Schweizer Museumspass","og_description":"Zum Jubil\u00e4um 30 Jahre Schweizer Museumspass pr\u00e4sentiert Elisabeth Baume-Schneider ihr Lieblingswerk im Kunstmuseum Bern. Entdecken Sie die Highlights und unseren Wettbewerb!","og_url":"https:\/\/www.museumspass.ch\/fr\/30-ans-de-swiss-museum-pass-un-jubile-sous-le-signe-de-la-participation-culturelle\/","og_site_name":"Schweizer Museumspass","article_publisher":"https:\/\/www.facebook.com\/SchweizerMuseumspass\/","article_published_time":"2026-04-30T14:44:21+00:00","article_modified_time":"2026-04-30T14:44:22+00:00","og_image":[{"width":2560,"height":1707,"url":"https:\/\/www.museumspass.ch\/wp-content\/uploads\/Portrait_BR_Elisabeth_Baume_Schneider-Museumspass-scaled.jpg","type":"image\/jpeg"}],"author":"Basile","twitter_card":"summary_large_image","twitter_misc":{"\u00c9crit par":"Basile","Dur\u00e9e de lecture estim\u00e9e":"3 minutes"},"schema":{"@context":"https:\/\/schema.org","@graph":[{"@type":"Article","@id":"https:\/\/www.museumspass.ch\/30-jahre-schweizer-museumspass-ein-jubilaeum-im-zeichen-der-kulturellen-teilhabe\/#article","isPartOf":{"@id":"https:\/\/www.museumspass.ch\/30-jahre-schweizer-museumspass-ein-jubilaeum-im-zeichen-der-kulturellen-teilhabe\/"},"author":{"name":"Basile","@id":"https:\/\/www.museumspass.ch\/de\/#\/schema\/person\/203c31df7590e52a3ca993981b194550"},"headline":"30 Jahre Schweizer Museumspass: Ein Jubil\u00e4um im Zeichen der kulturellen Teilhabe","datePublished":"2026-04-30T14:44:21+00:00","dateModified":"2026-04-30T14:44:22+00:00","mainEntityOfPage":{"@id":"https:\/\/www.museumspass.ch\/30-jahre-schweizer-museumspass-ein-jubilaeum-im-zeichen-der-kulturellen-teilhabe\/"},"wordCount":325,"commentCount":0,"publisher":{"@id":"https:\/\/www.museumspass.ch\/de\/#organization"},"image":{"@id":"https:\/\/www.museumspass.ch\/30-jahre-schweizer-museumspass-ein-jubilaeum-im-zeichen-der-kulturellen-teilhabe\/#primaryimage"},"thumbnailUrl":"https:\/\/www.museumspass.ch\/wp-content\/uploads\/Portrait_BR_Elisabeth_Baume_Schneider-Museumspass-scaled.jpg","articleSection":["Jubil\u00e4um"],"inLanguage":"fr-FR","potentialAction":[{"@type":"CommentAction","name":"Comment","target":["https:\/\/www.museumspass.ch\/30-jahre-schweizer-museumspass-ein-jubilaeum-im-zeichen-der-kulturellen-teilhabe\/#respond"]}]},{"@type":"WebPage","@id":"https:\/\/www.museumspass.ch\/30-jahre-schweizer-museumspass-ein-jubilaeum-im-zeichen-der-kulturellen-teilhabe\/","url":"https:\/\/www.museumspass.ch\/30-jahre-schweizer-museumspass-ein-jubilaeum-im-zeichen-der-kulturellen-teilhabe\/","name":"30 ans de Swiss Museum Pass : un jubil\u00e9 sous le signe de la participation culturelle - Swiss Museum Pass","isPartOf":{"@id":"https:\/\/www.museumspass.ch\/de\/#website"},"primaryImageOfPage":{"@id":"https:\/\/www.museumspass.ch\/30-jahre-schweizer-museumspass-ein-jubilaeum-im-zeichen-der-kulturellen-teilhabe\/#primaryimage"},"image":{"@id":"https:\/\/www.museumspass.ch\/30-jahre-schweizer-museumspass-ein-jubilaeum-im-zeichen-der-kulturellen-teilhabe\/#primaryimage"},"thumbnailUrl":"https:\/\/www.museumspass.ch\/wp-content\/uploads\/Portrait_BR_Elisabeth_Baume_Schneider-Museumspass-scaled.jpg","datePublished":"2026-04-30T14:44:21+00:00","dateModified":"2026-04-30T14:44:22+00:00","description":"Pour l'anniversaire des 30 ans du Passeport Mus\u00e9es Suisses, Elisabeth Baume-Schneider pr\u00e9sente son \u0153uvre pr\u00e9f\u00e9r\u00e9e au Mus\u00e9e des Beaux-Arts de Berne. D\u00e9couvrez les points forts et notre concours !","breadcrumb":{"@id":"https:\/\/www.museumspass.ch\/30-jahre-schweizer-museumspass-ein-jubilaeum-im-zeichen-der-kulturellen-teilhabe\/#breadcrumb"},"inLanguage":"fr-FR","potentialAction":[{"@type":"ReadAction","target":["https:\/\/www.museumspass.ch\/30-jahre-schweizer-museumspass-ein-jubilaeum-im-zeichen-der-kulturellen-teilhabe\/"]}]},{"@type":"ImageObject","inLanguage":"fr-FR","@id":"https:\/\/www.museumspass.ch\/30-jahre-schweizer-museumspass-ein-jubilaeum-im-zeichen-der-kulturellen-teilhabe\/#primaryimage","url":"https:\/\/www.museumspass.ch\/wp-content\/uploads\/Portrait_BR_Elisabeth_Baume_Schneider-Museumspass-scaled.jpg","contentUrl":"https:\/\/www.museumspass.ch\/wp-content\/uploads\/Portrait_BR_Elisabeth_Baume_Schneider-Museumspass-scaled.jpg","width":2560,"height":1707},{"@type":"BreadcrumbList","@id":"https:\/\/www.museumspass.ch\/30-jahre-schweizer-museumspass-ein-jubilaeum-im-zeichen-der-kulturellen-teilhabe\/#breadcrumb","itemListElement":[{"@type":"ListItem","position":1,"name":"Start","item":"https:\/\/www.museumspass.ch\/de\/"},{"@type":"ListItem","position":2,"name":"30 Jahre Schweizer Museumspass: Ein Jubil\u00e4um im Zeichen der kulturellen Teilhabe"}]},{"@type":"WebSite","@id":"https:\/\/www.museumspass.ch\/de\/#website","url":"https:\/\/www.museumspass.ch\/de\/","name":"Passeport Mus\u00e9es Suisses","description":"Acc\u00e8s gratuit pendant 1 an \u00e0 plus de 500 mus\u00e9es suisses","publisher":{"@id":"https:\/\/www.museumspass.ch\/de\/#organization"},"potentialAction":[{"@type":"SearchAction","target":{"@type":"EntryPoint","urlTemplate":"https:\/\/www.museumspass.ch\/de\/?s={search_term_string}"},"query-input":{"@type":"PropertyValueSpecification","valueRequired":true,"valueName":"search_term_string"}}],"inLanguage":"fr-FR"},{"@type":"Organization","@id":"https:\/\/www.museumspass.ch\/de\/#organization","name":"Passeport Mus\u00e9es Suisses","url":"https:\/\/www.museumspass.ch\/de\/","logo":{"@type":"ImageObject","inLanguage":"fr-FR","@id":"https:\/\/www.museumspass.ch\/de\/#\/schema\/logo\/image\/","url":"https:\/\/www.museumspass.ch\/wp-content\/uploads\/Design-ohne-Titel-55.png","contentUrl":"https:\/\/www.museumspass.ch\/wp-content\/uploads\/Design-ohne-Titel-55.png","width":1024,"height":576,"caption":"Schweizer Museumspass"},"image":{"@id":"https:\/\/www.museumspass.ch\/de\/#\/schema\/logo\/image\/"},"sameAs":["https:\/\/www.facebook.com\/SchweizerMuseumspass\/","https:\/\/www.instagram.com\/museumspass\/","https:\/\/www.linkedin.com\/company\/stiftung-schweizer-museumspass\/"]},{"@type":"Person","@id":"https:\/\/www.museumspass.ch\/de\/#\/schema\/person\/203c31df7590e52a3ca993981b194550","name":"Basile","image":{"@type":"ImageObject","inLanguage":"fr-FR","@id":"https:\/\/www.museumspass.ch\/de\/#\/schema\/person\/image\/","url":"https:\/\/secure.gravatar.com\/avatar\/123a9c4b6097f9a82eaef7d4a1fb0e040e8baa583dbdcc70496b9c7e8c627993?s=96&d=mm&r=g","contentUrl":"https:\/\/secure.gravatar.com\/avatar\/123a9c4b6097f9a82eaef7d4a1fb0e040e8baa583dbdcc70496b9c7e8c627993?s=96&d=mm&r=g","caption":"Basile"},"url":"https:\/\/www.museumspass.ch\/fr\/author\/wp-basile\/"}]}},"publishpress_future_action":{"enabled":false,"date":"2026-05-08 14:45:31","action":"change-status","newStatus":"draft","terms":[],"taxonomy":"category","extraData":[]},"publishpress_future_workflow_manual_trigger":{"enabledWorkflows":[]},"_links":{"self":[{"href":"https:\/\/www.museumspass.ch\/fr\/wp-json\/wp\/v2\/posts\/12546","targetHints":{"allow":["GET"]}}],"collection":[{"href":"https:\/\/www.museumspass.ch\/fr\/wp-json\/wp\/v2\/posts"}],"about":[{"href":"https:\/\/www.museumspass.ch\/fr\/wp-json\/wp\/v2\/types\/post"}],"author":[{"embeddable":true,"href":"https:\/\/www.museumspass.ch\/fr\/wp-json\/wp\/v2\/users\/2"}],"replies":[{"embeddable":true,"href":"https:\/\/www.museumspass.ch\/fr\/wp-json\/wp\/v2\/comments?post=12546"}],"version-history":[{"count":1,"href":"https:\/\/www.museumspass.ch\/fr\/wp-json\/wp\/v2\/posts\/12546\/revisions"}],"predecessor-version":[{"id":12548,"href":"https:\/\/www.museumspass.ch\/fr\/wp-json\/wp\/v2\/posts\/12546\/revisions\/12548"}],"wp:featuredmedia":[{"embeddable":true,"href":"https:\/\/www.museumspass.ch\/fr\/wp-json\/wp\/v2\/media\/12547"}],"wp:attachment":[{"href":"https:\/\/www.museumspass.ch\/fr\/wp-json\/wp\/v2\/media?parent=12546"}],"wp:term":[{"taxonomy":"category","embeddable":true,"href":"https:\/\/www.museumspass.ch\/fr\/wp-json\/wp\/v2\/categories?post=12546"},{"taxonomy":"post_tag","embeddable":true,"href":"https:\/\/www.museumspass.ch\/fr\/wp-json\/wp\/v2\/tags?post=12546"}],"curies":[{"name":"wp","href":"https:\/\/api.w.org\/{rel}","templated":true}]}}