{"id":12294,"date":"2026-03-16T14:58:53","date_gmt":"2026-03-16T13:58:53","guid":{"rendered":"https:\/\/www.museumspass.ch\/?p=12294"},"modified":"2026-03-16T14:58:54","modified_gmt":"2026-03-16T13:58:54","slug":"dietro-le-quinte-la-trasformazione-della-fondazione-de-lhermitage","status":"publish","type":"post","link":"https:\/\/www.museumspass.ch\/it\/dietro-le-quinte-la-trasformazione-della-fondazione-de-lhermitage\/","title":{"rendered":"Dietro le quinte: La trasformazione della Fondazione dell'Hermitage"},"content":{"rendered":"<p>Una relazione dell'Ambasciatore Dominik Gehl<\/p>\n\n\n\n<div style=\"height:20px\" aria-hidden=\"true\" class=\"wp-block-spacer\"><\/div>\n\n\n\n<figure class=\"wp-block-image size-large\"><img fetchpriority=\"high\" decoding=\"async\" width=\"1024\" height=\"683\" src=\"https:\/\/www.museumspass.ch\/wp-content\/uploads\/e9cc909c-d633-4886-9d56-e1a448e8446d_rw_1920-1024x683.jpg\" alt=\"Fondazione dell&#039;Hermitage\" class=\"wp-image-12295\" srcset=\"https:\/\/www.museumspass.ch\/wp-content\/uploads\/e9cc909c-d633-4886-9d56-e1a448e8446d_rw_1920-1024x683.jpg 1024w, https:\/\/www.museumspass.ch\/wp-content\/uploads\/e9cc909c-d633-4886-9d56-e1a448e8446d_rw_1920-300x200.jpg 300w, https:\/\/www.museumspass.ch\/wp-content\/uploads\/e9cc909c-d633-4886-9d56-e1a448e8446d_rw_1920-768x512.jpg 768w, https:\/\/www.museumspass.ch\/wp-content\/uploads\/e9cc909c-d633-4886-9d56-e1a448e8446d_rw_1920-1536x1024.jpg 1536w, https:\/\/www.museumspass.ch\/wp-content\/uploads\/e9cc909c-d633-4886-9d56-e1a448e8446d_rw_1920-18x12.jpg 18w, https:\/\/www.museumspass.ch\/wp-content\/uploads\/e9cc909c-d633-4886-9d56-e1a448e8446d_rw_1920.jpg 1920w\" sizes=\"(max-width: 1024px) 100vw, 1024px\" \/><\/figure>\n\n\n\n<div style=\"height:20px\" aria-hidden=\"true\" class=\"wp-block-spacer\"><\/div>\n\n\n\n<p>La Fondation de l'Hermitage \u00e8 un luogo molto speciale per tutti gli amanti dell'arte, ma dal novembre 2025 \u00e8 insolitamente silenziosa. Il nostro ambasciatore Dominik Gehl ha documentato questo momento di cambiamento unico. Ha immortalato le stanze vuote in fotografie e ha parlato con i responsabili in loco su come ristrutturare un edificio protetto senza perdere la sua anima. Siamo lieti di poter condividere le sue interessanti intuizioni e le sue immagini esclusive con la nostra comunit\u00e0.<\/p>\n\n\n\n<p><em>Testo e fotografia: Dominik Gehl<\/em><\/p>\n\n\n\n<div style=\"height:40px\" aria-hidden=\"true\" class=\"wp-block-spacer\"><\/div>\n\n\n\n<div class=\"wp-block-group has-border-color has-background is-layout-constrained wp-container-core-group-is-layout-f4353ca6 wp-block-group-is-layout-constrained\" style=\"border-color:#c8c8c8;border-width:1px;background-color:#e9eef0;margin-top:0;margin-bottom:0;padding-top:24px;padding-right:24px;padding-bottom:24px;padding-left:24px\">\n<h3 class=\"wp-block-heading\">Hermitage \u00abon the road\u00bb - Il programma 2026<\/h3>\n\n\n\n<div style=\"height:20px\" aria-hidden=\"true\" class=\"wp-block-spacer\"><\/div>\n\n\n\n<p>Anche se le porte di Losanna sono temporaneamente chiuse, l'arte della Fondazione \u00e8 sempre in movimento. Ecco le date pi\u00f9 importanti per visitare la Fondation de l'Hermitage in altre sedi nel 2026:<\/p>\n\n\n\n<div style=\"height:20px\" aria-hidden=\"true\" class=\"wp-block-spacer\"><\/div>\n\n\n\n<ul class=\"wp-block-list\">\n<li>Per le menti creative: On <strong>8 aprile<\/strong> laboratori di incisione con l'artista Marie-Aurore Conscience si svolgeranno nella sala espositiva del CHUV (nell'ambito di P\u00e2komuz\u00e9)<\/li>\n<\/ul>\n\n\n\n<div style=\"height:10px\" aria-hidden=\"true\" class=\"wp-block-spacer\"><\/div>\n\n\n\n<ul class=\"wp-block-list\">\n<li>Per le donne e gli appassionati d'arte: On <strong>21 aprile e 21 maggio<\/strong> la Maison de la femme di Losanna vi invita all'evento \u201eLe donne della collezione dell'Ermitage\u201c. La presentazione della direttrice Sylvie Wuhrmann sar\u00e0 seguita da un workshop con l'illustratrice Fanny Vaucher.<\/li>\n<\/ul>\n\n\n\n<div style=\"height:20px\" aria-hidden=\"true\" class=\"wp-block-spacer\"><\/div>\n\n\n\n<p>Sempre aggiornati: Tutti i dettagli sugli altri progetti di outreach e sullo stato di avanzamento dei lavori di costruzione sono disponibili regolarmente sul sito <a href=\"https:\/\/fondation-hermitage.ch\/\" type=\"link\" id=\"https:\/\/fondation-hermitage.ch\/\">Sito web della Fondazione dell'Hermitage<\/a>.<\/p>\n<\/div>\n\n\n\n<div style=\"height:40px\" aria-hidden=\"true\" class=\"wp-block-spacer\"><\/div>\n\n\n\n<h2 class=\"wp-block-heading\">Un museo vivente in transizione<\/h2>\n\n\n\n<div style=\"height:20px\" aria-hidden=\"true\" class=\"wp-block-spacer\"><\/div>\n\n\n\n<figure class=\"wp-block-image size-large\"><img decoding=\"async\" width=\"1024\" height=\"683\" src=\"https:\/\/www.museumspass.ch\/wp-content\/uploads\/DSC_3021-1024x683.jpg\" alt=\"Silenzio: dove un tempo erano appese opere d&#039;arte, l&#039;edificio \u00e8 ora in attesa di essere ristrutturato\" class=\"wp-image-12296\" srcset=\"https:\/\/www.museumspass.ch\/wp-content\/uploads\/DSC_3021-1024x683.jpg 1024w, https:\/\/www.museumspass.ch\/wp-content\/uploads\/DSC_3021-300x200.jpg 300w, https:\/\/www.museumspass.ch\/wp-content\/uploads\/DSC_3021-768x512.jpg 768w, https:\/\/www.museumspass.ch\/wp-content\/uploads\/DSC_3021-1536x1024.jpg 1536w, https:\/\/www.museumspass.ch\/wp-content\/uploads\/DSC_3021-2048x1365.jpg 2048w, https:\/\/www.museumspass.ch\/wp-content\/uploads\/DSC_3021-18x12.jpg 18w\" sizes=\"(max-width: 1024px) 100vw, 1024px\" \/><\/figure>\n\n\n\n<div style=\"height:20px\" aria-hidden=\"true\" class=\"wp-block-spacer\"><\/div>\n\n\n\n<p>La Villa L'Hermitage fu costruita tra il 1851 e il 1853 per il banchiere Charles-Juste Bugnion. Dopo che la famiglia del proprietario don\u00f2 la propriet\u00e0 alla citt\u00e0 di Losanna, fu aperta come museo d'arte nel 1984. Da oltre quarant'anni, la Fondation de l'Hermitage vi presenta ogni anno mostre temporanee di fama internazionale. Per salvaguardare questa missione culturale a lungo termine, l'istituzione sta avviando un programma di restauro completo.<\/p>\n\n\n\n<div style=\"height:20px\" aria-hidden=\"true\" class=\"wp-block-spacer\"><\/div>\n\n\n\n<div class=\"wp-block-columns is-layout-flex wp-container-core-columns-is-layout-28f84493 wp-block-columns-is-layout-flex\">\n<div class=\"wp-block-column is-layout-flow wp-block-column-is-layout-flow\" style=\"flex-basis:33.34%\">\n<figure class=\"wp-block-image size-large\"><img decoding=\"async\" width=\"1024\" height=\"683\" src=\"https:\/\/www.museumspass.ch\/wp-content\/uploads\/0ccd0489-12ec-4cb0-a119-f2cbe88b034a_rw_1920-1024x683.jpg\" alt=\"\" class=\"wp-image-12302\" srcset=\"https:\/\/www.museumspass.ch\/wp-content\/uploads\/0ccd0489-12ec-4cb0-a119-f2cbe88b034a_rw_1920-1024x683.jpg 1024w, https:\/\/www.museumspass.ch\/wp-content\/uploads\/0ccd0489-12ec-4cb0-a119-f2cbe88b034a_rw_1920-300x200.jpg 300w, https:\/\/www.museumspass.ch\/wp-content\/uploads\/0ccd0489-12ec-4cb0-a119-f2cbe88b034a_rw_1920-768x512.jpg 768w, https:\/\/www.museumspass.ch\/wp-content\/uploads\/0ccd0489-12ec-4cb0-a119-f2cbe88b034a_rw_1920-1536x1024.jpg 1536w, https:\/\/www.museumspass.ch\/wp-content\/uploads\/0ccd0489-12ec-4cb0-a119-f2cbe88b034a_rw_1920-18x12.jpg 18w, https:\/\/www.museumspass.ch\/wp-content\/uploads\/0ccd0489-12ec-4cb0-a119-f2cbe88b034a_rw_1920.jpg 1920w\" sizes=\"(max-width: 1024px) 100vw, 1024px\" \/><\/figure>\n<\/div>\n\n\n\n<div class=\"wp-block-column is-layout-flow wp-block-column-is-layout-flow\" style=\"flex-basis:33.34%\">\n<figure class=\"wp-block-image size-large\"><img loading=\"lazy\" decoding=\"async\" width=\"1024\" height=\"683\" src=\"https:\/\/www.museumspass.ch\/wp-content\/uploads\/984655f3-e2b0-47f9-9b99-1c0231a46fc0_rw_1920-1024x683.jpg\" alt=\"\" class=\"wp-image-12303\" srcset=\"https:\/\/www.museumspass.ch\/wp-content\/uploads\/984655f3-e2b0-47f9-9b99-1c0231a46fc0_rw_1920-1024x683.jpg 1024w, https:\/\/www.museumspass.ch\/wp-content\/uploads\/984655f3-e2b0-47f9-9b99-1c0231a46fc0_rw_1920-300x200.jpg 300w, https:\/\/www.museumspass.ch\/wp-content\/uploads\/984655f3-e2b0-47f9-9b99-1c0231a46fc0_rw_1920-768x512.jpg 768w, https:\/\/www.museumspass.ch\/wp-content\/uploads\/984655f3-e2b0-47f9-9b99-1c0231a46fc0_rw_1920-1536x1024.jpg 1536w, https:\/\/www.museumspass.ch\/wp-content\/uploads\/984655f3-e2b0-47f9-9b99-1c0231a46fc0_rw_1920-18x12.jpg 18w, https:\/\/www.museumspass.ch\/wp-content\/uploads\/984655f3-e2b0-47f9-9b99-1c0231a46fc0_rw_1920.jpg 1920w\" sizes=\"(max-width: 1024px) 100vw, 1024px\" \/><\/figure>\n<\/div>\n\n\n\n<div class=\"wp-block-column is-layout-flow wp-block-column-is-layout-flow\" style=\"flex-basis:33.33%\">\n<figure class=\"wp-block-image size-large\"><img loading=\"lazy\" decoding=\"async\" width=\"1024\" height=\"683\" src=\"https:\/\/www.museumspass.ch\/wp-content\/uploads\/874b432c-af1c-450a-a30d-7a16db4daf7c_rw_1920-1-1024x683.jpg\" alt=\"\" class=\"wp-image-12309\" srcset=\"https:\/\/www.museumspass.ch\/wp-content\/uploads\/874b432c-af1c-450a-a30d-7a16db4daf7c_rw_1920-1-1024x683.jpg 1024w, https:\/\/www.museumspass.ch\/wp-content\/uploads\/874b432c-af1c-450a-a30d-7a16db4daf7c_rw_1920-1-300x200.jpg 300w, https:\/\/www.museumspass.ch\/wp-content\/uploads\/874b432c-af1c-450a-a30d-7a16db4daf7c_rw_1920-1-768x512.jpg 768w, https:\/\/www.museumspass.ch\/wp-content\/uploads\/874b432c-af1c-450a-a30d-7a16db4daf7c_rw_1920-1-1536x1024.jpg 1536w, https:\/\/www.museumspass.ch\/wp-content\/uploads\/874b432c-af1c-450a-a30d-7a16db4daf7c_rw_1920-1-18x12.jpg 18w, https:\/\/www.museumspass.ch\/wp-content\/uploads\/874b432c-af1c-450a-a30d-7a16db4daf7c_rw_1920-1.jpg 1920w\" sizes=\"(max-width: 1024px) 100vw, 1024px\" \/><\/figure>\n<\/div>\n<\/div>\n\n\n\n<figure class=\"wp-block-gallery has-nested-images columns-4 wp-block-gallery-1 is-layout-flex wp-block-gallery-is-layout-flex\">\n<figure class=\"wp-block-image size-large\"><img loading=\"lazy\" decoding=\"async\" width=\"683\" height=\"1024\" data-id=\"12305\" src=\"https:\/\/www.museumspass.ch\/wp-content\/uploads\/9780066d-b0bf-43f1-ad38-e54f2e48847d_rw_1920-683x1024.jpg\" alt=\"\" class=\"wp-image-12305\" style=\"aspect-ratio:1\" srcset=\"https:\/\/www.museumspass.ch\/wp-content\/uploads\/9780066d-b0bf-43f1-ad38-e54f2e48847d_rw_1920-683x1024.jpg 683w, https:\/\/www.museumspass.ch\/wp-content\/uploads\/9780066d-b0bf-43f1-ad38-e54f2e48847d_rw_1920-200x300.jpg 200w, https:\/\/www.museumspass.ch\/wp-content\/uploads\/9780066d-b0bf-43f1-ad38-e54f2e48847d_rw_1920-768x1152.jpg 768w, https:\/\/www.museumspass.ch\/wp-content\/uploads\/9780066d-b0bf-43f1-ad38-e54f2e48847d_rw_1920-1024x1536.jpg 1024w, https:\/\/www.museumspass.ch\/wp-content\/uploads\/9780066d-b0bf-43f1-ad38-e54f2e48847d_rw_1920-8x12.jpg 8w, https:\/\/www.museumspass.ch\/wp-content\/uploads\/9780066d-b0bf-43f1-ad38-e54f2e48847d_rw_1920.jpg 1365w\" sizes=\"(max-width: 683px) 100vw, 683px\" \/><\/figure>\n\n\n\n<figure class=\"wp-block-image size-large\"><img loading=\"lazy\" decoding=\"async\" width=\"819\" height=\"1024\" data-id=\"12306\" src=\"https:\/\/www.museumspass.ch\/wp-content\/uploads\/20487c32-3314-4f04-83a1-6845a514f122_rw_1920-819x1024.jpg\" alt=\"\" class=\"wp-image-12306\" style=\"aspect-ratio:1\" srcset=\"https:\/\/www.museumspass.ch\/wp-content\/uploads\/20487c32-3314-4f04-83a1-6845a514f122_rw_1920-819x1024.jpg 819w, https:\/\/www.museumspass.ch\/wp-content\/uploads\/20487c32-3314-4f04-83a1-6845a514f122_rw_1920-240x300.jpg 240w, https:\/\/www.museumspass.ch\/wp-content\/uploads\/20487c32-3314-4f04-83a1-6845a514f122_rw_1920-768x960.jpg 768w, https:\/\/www.museumspass.ch\/wp-content\/uploads\/20487c32-3314-4f04-83a1-6845a514f122_rw_1920-1229x1536.jpg 1229w, https:\/\/www.museumspass.ch\/wp-content\/uploads\/20487c32-3314-4f04-83a1-6845a514f122_rw_1920-10x12.jpg 10w, https:\/\/www.museumspass.ch\/wp-content\/uploads\/20487c32-3314-4f04-83a1-6845a514f122_rw_1920.jpg 1638w\" sizes=\"(max-width: 819px) 100vw, 819px\" \/><\/figure>\n\n\n\n<figure class=\"wp-block-image size-large\"><img loading=\"lazy\" decoding=\"async\" width=\"1024\" height=\"683\" data-id=\"12307\" src=\"https:\/\/www.museumspass.ch\/wp-content\/uploads\/462514f6-9092-4b2e-bb9b-afb123d2f405_rw_1920-1024x683.jpg\" alt=\"\" class=\"wp-image-12307\" style=\"aspect-ratio:1\" srcset=\"https:\/\/www.museumspass.ch\/wp-content\/uploads\/462514f6-9092-4b2e-bb9b-afb123d2f405_rw_1920-1024x683.jpg 1024w, https:\/\/www.museumspass.ch\/wp-content\/uploads\/462514f6-9092-4b2e-bb9b-afb123d2f405_rw_1920-300x200.jpg 300w, https:\/\/www.museumspass.ch\/wp-content\/uploads\/462514f6-9092-4b2e-bb9b-afb123d2f405_rw_1920-768x512.jpg 768w, https:\/\/www.museumspass.ch\/wp-content\/uploads\/462514f6-9092-4b2e-bb9b-afb123d2f405_rw_1920-1536x1024.jpg 1536w, https:\/\/www.museumspass.ch\/wp-content\/uploads\/462514f6-9092-4b2e-bb9b-afb123d2f405_rw_1920-18x12.jpg 18w, https:\/\/www.museumspass.ch\/wp-content\/uploads\/462514f6-9092-4b2e-bb9b-afb123d2f405_rw_1920.jpg 1920w\" sizes=\"(max-width: 1024px) 100vw, 1024px\" \/><\/figure>\n\n\n\n<figure class=\"wp-block-image size-large\"><img loading=\"lazy\" decoding=\"async\" width=\"1024\" height=\"1024\" data-id=\"12308\" src=\"https:\/\/www.museumspass.ch\/wp-content\/uploads\/4f28a232-b3b3-4571-8074-d86be840125a_rw_1920-1024x1024.jpg\" alt=\"\" class=\"wp-image-12308\" style=\"aspect-ratio:1\" srcset=\"https:\/\/www.museumspass.ch\/wp-content\/uploads\/4f28a232-b3b3-4571-8074-d86be840125a_rw_1920-1024x1024.jpg 1024w, https:\/\/www.museumspass.ch\/wp-content\/uploads\/4f28a232-b3b3-4571-8074-d86be840125a_rw_1920-300x300.jpg 300w, https:\/\/www.museumspass.ch\/wp-content\/uploads\/4f28a232-b3b3-4571-8074-d86be840125a_rw_1920-150x150.jpg 150w, https:\/\/www.museumspass.ch\/wp-content\/uploads\/4f28a232-b3b3-4571-8074-d86be840125a_rw_1920-768x768.jpg 768w, https:\/\/www.museumspass.ch\/wp-content\/uploads\/4f28a232-b3b3-4571-8074-d86be840125a_rw_1920-1536x1536.jpg 1536w, https:\/\/www.museumspass.ch\/wp-content\/uploads\/4f28a232-b3b3-4571-8074-d86be840125a_rw_1920-12x12.jpg 12w, https:\/\/www.museumspass.ch\/wp-content\/uploads\/4f28a232-b3b3-4571-8074-d86be840125a_rw_1920.jpg 1920w\" sizes=\"(max-width: 1024px) 100vw, 1024px\" \/><\/figure>\n<\/figure>\n\n\n\n<div style=\"height:20px\" aria-hidden=\"true\" class=\"wp-block-spacer\"><\/div>\n\n\n\n<p>Sebbene le porte del museo di Losanna siano chiuse al pubblico dal 10 novembre 2025, le attivit\u00e0 della fondazione non sono affatto sopite. Per il 2026, il museo ha annunciato un programma di mediazione culturale al di fuori delle proprie mura, che permetter\u00e0 alle opere di trovare un nuovo pubblico durante i lavori.<\/p>\n\n\n\n<div style=\"height:20px\" aria-hidden=\"true\" class=\"wp-block-spacer\"><\/div>\n\n\n\n<h3 class=\"wp-block-heading\"><strong>L'Hermitage in tour dalla primavera del 2026<\/strong><\/h3>\n\n\n\n<div style=\"height:20px\" aria-hidden=\"true\" class=\"wp-block-spacer\"><\/div>\n\n\n\n<p>L'anno 2026 sar\u00e0 caratterizzato da diverse collaborazioni locali. L\u201e8 aprile, nell'ambito di P\u00e2komuz\u00e9, saranno organizzati laboratori di incisione con l'artista Marie-Aurore Conscience nello spazio espositivo del CHUV (Ospedale Universitario). Il 21 aprile e il 21 maggio, i soci di Pro Senectute sono invitati all'evento \u201cLe donne della collezione L'Hermitage\" presso la Maison de la femme di Losanna. L'incontro prevede una conferenza di Sylvie Wuhrmann, seguita da un laboratorio creativo con l'autrice e illustratrice Fanny Vaucher.<\/p>\n\n\n\n<p>Questo programma preannuncia un nuovo spazio di mediazione culturale del museo, che sar\u00e0 inaugurato alla riapertura nel 2027. Abbiamo incontrato Sylvie Wuhrmann e Aur\u00e9lie Couvreur, rispettivamente direttrice e curatrice della Fondation de l'Hermitage, nel bel mezzo dei preparativi per il trasloco, a pochi giorni dallo smantellamento dell'ultima mostra \u201eUn sogno di Polonia\u201c, per discutere gli obiettivi di questa importante ristrutturazione.<\/p>\n\n\n\n<div style=\"height:20px\" aria-hidden=\"true\" class=\"wp-block-spacer\"><\/div>\n\n\n\n<figure class=\"wp-block-image size-large\"><img loading=\"lazy\" decoding=\"async\" width=\"1024\" height=\"683\" src=\"https:\/\/www.museumspass.ch\/wp-content\/uploads\/8805d4b7-e43a-4569-abf8-67924a0c146f_rw_1200-1024x683.jpg\" alt=\"Il sogno della Polonia\" class=\"wp-image-12297\" srcset=\"https:\/\/www.museumspass.ch\/wp-content\/uploads\/8805d4b7-e43a-4569-abf8-67924a0c146f_rw_1200-1024x683.jpg 1024w, https:\/\/www.museumspass.ch\/wp-content\/uploads\/8805d4b7-e43a-4569-abf8-67924a0c146f_rw_1200-300x200.jpg 300w, https:\/\/www.museumspass.ch\/wp-content\/uploads\/8805d4b7-e43a-4569-abf8-67924a0c146f_rw_1200-768x512.jpg 768w, https:\/\/www.museumspass.ch\/wp-content\/uploads\/8805d4b7-e43a-4569-abf8-67924a0c146f_rw_1200-18x12.jpg 18w, https:\/\/www.museumspass.ch\/wp-content\/uploads\/8805d4b7-e43a-4569-abf8-67924a0c146f_rw_1200.jpg 1200w\" sizes=\"(max-width: 1024px) 100vw, 1024px\" \/><\/figure>\n\n\n\n<div style=\"height:20px\" aria-hidden=\"true\" class=\"wp-block-spacer\"><\/div>\n\n\n\n<h3 class=\"wp-block-heading\"><strong>Un edificio a riposo per 18 mesi<\/strong><\/h3>\n\n\n\n<div style=\"height:20px\" aria-hidden=\"true\" class=\"wp-block-spacer\"><\/div>\n\n\n\n<p>\u201eC'\u00e8 ancora molto da fare!\u201c, dice Sylvie Wuhrmann con una risata. \u00c8 comprensibile: per la prima volta dal 1984, l'edificio deve essere completamente svuotato. Dietro le persiane chiuse, l'edificio deve essere \u201eadattato agli standard globali: in termini di energia, conservazione preventiva e sicurezza\u201c. La complessit\u00e0 risiede nella natura stessa dell'edificio. \u201eLa principale preoccupazione degli architetti incaricati della ristrutturazione \u00e8 quella di rispettare questo patrimonio\u201c, precisa il direttore. Si tratta di adattare una casa originariamente progettata per la vita familiare alle esigenze di un museo, preservandone l'anima.<\/p>\n\n\n\n<div style=\"height:20px\" aria-hidden=\"true\" class=\"wp-block-spacer\"><\/div>\n\n\n\n<figure class=\"wp-block-image size-large\"><img loading=\"lazy\" decoding=\"async\" width=\"1024\" height=\"683\" src=\"https:\/\/www.museumspass.ch\/wp-content\/uploads\/6b6a3461-3cd9-4cba-9c24-7e4f3d05104d_rw_1200-1024x683.jpg\" alt=\"Il Salon bleu nel pieno splendore dell&#039;esposizione\" class=\"wp-image-12298\" srcset=\"https:\/\/www.museumspass.ch\/wp-content\/uploads\/6b6a3461-3cd9-4cba-9c24-7e4f3d05104d_rw_1200-1024x683.jpg 1024w, https:\/\/www.museumspass.ch\/wp-content\/uploads\/6b6a3461-3cd9-4cba-9c24-7e4f3d05104d_rw_1200-300x200.jpg 300w, https:\/\/www.museumspass.ch\/wp-content\/uploads\/6b6a3461-3cd9-4cba-9c24-7e4f3d05104d_rw_1200-768x512.jpg 768w, https:\/\/www.museumspass.ch\/wp-content\/uploads\/6b6a3461-3cd9-4cba-9c24-7e4f3d05104d_rw_1200-18x12.jpg 18w, https:\/\/www.museumspass.ch\/wp-content\/uploads\/6b6a3461-3cd9-4cba-9c24-7e4f3d05104d_rw_1200.jpg 1200w\" sizes=\"(max-width: 1024px) 100vw, 1024px\" \/><\/figure>\n\n\n\n<figure class=\"wp-block-image size-large\"><img loading=\"lazy\" decoding=\"async\" width=\"1024\" height=\"683\" src=\"https:\/\/www.museumspass.ch\/wp-content\/uploads\/DSC_3026-1024x683.jpg\" alt=\"Il Salon bleu ridotto alla sua sostanza architettonica\" class=\"wp-image-12301\" srcset=\"https:\/\/www.museumspass.ch\/wp-content\/uploads\/DSC_3026-1024x683.jpg 1024w, https:\/\/www.museumspass.ch\/wp-content\/uploads\/DSC_3026-300x200.jpg 300w, https:\/\/www.museumspass.ch\/wp-content\/uploads\/DSC_3026-768x512.jpg 768w, https:\/\/www.museumspass.ch\/wp-content\/uploads\/DSC_3026-1536x1024.jpg 1536w, https:\/\/www.museumspass.ch\/wp-content\/uploads\/DSC_3026-2048x1365.jpg 2048w, https:\/\/www.museumspass.ch\/wp-content\/uploads\/DSC_3026-18x12.jpg 18w\" sizes=\"(max-width: 1024px) 100vw, 1024px\" \/><\/figure>\n\n\n\n<div style=\"height:20px\" aria-hidden=\"true\" class=\"wp-block-spacer\"><\/div>\n\n\n\n<p>Il progetto, della durata di 18 mesi, ha tre obiettivi principali:<\/p>\n\n\n\n<p>Efficienza energetica: Riparazione del tetto, della facciata e dell'impermeabilizzazione secondo le norme vigenti.<\/p>\n\n\n\n<p>Discrezione tecnica: niente pi\u00f9 unit\u00e0 di condizionamento e umidificatori mobili e rumorosi che devono essere riempiti e svuotati a mano. Il futuro sistema sar\u00e0 centralizzato, pi\u00f9 efficiente e, soprattutto, invisibile per restituire agli ambienti il loro carattere originale.<\/p>\n\n\n\n<p>Esperienza del visitatore: riprogettazione del tour, miglioramento dei flussi di visitatori e modernizzazione dell'ascensore.<\/p>\n\n\n\n<div style=\"height:20px\" aria-hidden=\"true\" class=\"wp-block-spacer\"><\/div>\n\n\n\n<h3 class=\"wp-block-heading\"><strong>Una dinamica comune<\/strong><\/h3>\n\n\n\n<div style=\"height:20px\" aria-hidden=\"true\" class=\"wp-block-spacer\"><\/div>\n\n\n\n<p>L'Hermitage non \u00e8 l'unico museo svizzero a intraprendere un lavoro simile. Istituzioni come il Museum Langmatt di Baden o la Villa Flora di Winterthur hanno intrapreso percorsi simili.<\/p>\n\n\n\n<p>\u201eCi scambiamo idee\u201c, conferma Aur\u00e9lie Couvreur. \u201eA Winterthur i nostri colleghi ci hanno spiegato le loro decisioni e le loro sfide. Abbiamo effettuato diverse visite tecniche per capire come hanno affrontato le cose e quali tecnologie hanno scelto. \u00c8 interessante vedere come vive il luogo dopo la ristrutturazione\u201c.\u201c<\/p>\n\n\n\n<div style=\"height:20px\" aria-hidden=\"true\" class=\"wp-block-spacer\"><\/div>\n\n\n\n<div class=\"wp-block-columns is-layout-flex wp-container-core-columns-is-layout-28f84493 wp-block-columns-is-layout-flex\">\n<div class=\"wp-block-column is-layout-flow wp-block-column-is-layout-flow\">\n<figure class=\"wp-block-image size-large\"><img loading=\"lazy\" decoding=\"async\" width=\"1024\" height=\"683\" src=\"https:\/\/www.museumspass.ch\/wp-content\/uploads\/e37af086-9b7e-445e-bae4-fd45de02cdf7_rw_1920-1024x683.jpg\" alt=\"\" class=\"wp-image-12310\" srcset=\"https:\/\/www.museumspass.ch\/wp-content\/uploads\/e37af086-9b7e-445e-bae4-fd45de02cdf7_rw_1920-1024x683.jpg 1024w, https:\/\/www.museumspass.ch\/wp-content\/uploads\/e37af086-9b7e-445e-bae4-fd45de02cdf7_rw_1920-300x200.jpg 300w, https:\/\/www.museumspass.ch\/wp-content\/uploads\/e37af086-9b7e-445e-bae4-fd45de02cdf7_rw_1920-768x512.jpg 768w, https:\/\/www.museumspass.ch\/wp-content\/uploads\/e37af086-9b7e-445e-bae4-fd45de02cdf7_rw_1920-1536x1024.jpg 1536w, https:\/\/www.museumspass.ch\/wp-content\/uploads\/e37af086-9b7e-445e-bae4-fd45de02cdf7_rw_1920-18x12.jpg 18w, https:\/\/www.museumspass.ch\/wp-content\/uploads\/e37af086-9b7e-445e-bae4-fd45de02cdf7_rw_1920.jpg 1920w\" sizes=\"(max-width: 1024px) 100vw, 1024px\" \/><\/figure>\n<\/div>\n\n\n\n<div class=\"wp-block-column is-layout-flow wp-block-column-is-layout-flow\">\n<figure class=\"wp-block-image size-large\"><img loading=\"lazy\" decoding=\"async\" width=\"1024\" height=\"683\" src=\"https:\/\/www.museumspass.ch\/wp-content\/uploads\/2c5ae4f2-fe95-4036-86da-e77479c93250_rw_1920-1024x683.jpg\" alt=\"\" class=\"wp-image-12311\" srcset=\"https:\/\/www.museumspass.ch\/wp-content\/uploads\/2c5ae4f2-fe95-4036-86da-e77479c93250_rw_1920-1024x683.jpg 1024w, https:\/\/www.museumspass.ch\/wp-content\/uploads\/2c5ae4f2-fe95-4036-86da-e77479c93250_rw_1920-300x200.jpg 300w, https:\/\/www.museumspass.ch\/wp-content\/uploads\/2c5ae4f2-fe95-4036-86da-e77479c93250_rw_1920-768x512.jpg 768w, https:\/\/www.museumspass.ch\/wp-content\/uploads\/2c5ae4f2-fe95-4036-86da-e77479c93250_rw_1920-1536x1024.jpg 1536w, https:\/\/www.museumspass.ch\/wp-content\/uploads\/2c5ae4f2-fe95-4036-86da-e77479c93250_rw_1920-18x12.jpg 18w, https:\/\/www.museumspass.ch\/wp-content\/uploads\/2c5ae4f2-fe95-4036-86da-e77479c93250_rw_1920.jpg 1920w\" sizes=\"(max-width: 1024px) 100vw, 1024px\" \/><\/figure>\n<\/div>\n\n\n\n<div class=\"wp-block-column is-layout-flow wp-block-column-is-layout-flow\">\n<figure class=\"wp-block-image size-large\"><img loading=\"lazy\" decoding=\"async\" width=\"1024\" height=\"683\" src=\"https:\/\/www.museumspass.ch\/wp-content\/uploads\/a8cf1618-fd1e-47aa-81fc-6131995c7775_rw_1920-1024x683.jpg\" alt=\"\" class=\"wp-image-12312\" srcset=\"https:\/\/www.museumspass.ch\/wp-content\/uploads\/a8cf1618-fd1e-47aa-81fc-6131995c7775_rw_1920-1024x683.jpg 1024w, https:\/\/www.museumspass.ch\/wp-content\/uploads\/a8cf1618-fd1e-47aa-81fc-6131995c7775_rw_1920-300x200.jpg 300w, https:\/\/www.museumspass.ch\/wp-content\/uploads\/a8cf1618-fd1e-47aa-81fc-6131995c7775_rw_1920-768x512.jpg 768w, https:\/\/www.museumspass.ch\/wp-content\/uploads\/a8cf1618-fd1e-47aa-81fc-6131995c7775_rw_1920-1536x1024.jpg 1536w, https:\/\/www.museumspass.ch\/wp-content\/uploads\/a8cf1618-fd1e-47aa-81fc-6131995c7775_rw_1920-18x12.jpg 18w, https:\/\/www.museumspass.ch\/wp-content\/uploads\/a8cf1618-fd1e-47aa-81fc-6131995c7775_rw_1920.jpg 1920w\" sizes=\"(max-width: 1024px) 100vw, 1024px\" \/><\/figure>\n<\/div>\n<\/div>\n\n\n\n<div class=\"wp-block-columns is-layout-flex wp-container-core-columns-is-layout-28f84493 wp-block-columns-is-layout-flex\">\n<div class=\"wp-block-column is-layout-flow wp-block-column-is-layout-flow\">\n<figure class=\"wp-block-image size-large\"><img loading=\"lazy\" decoding=\"async\" width=\"1024\" height=\"683\" src=\"https:\/\/www.museumspass.ch\/wp-content\/uploads\/a1cad6b2-883d-4512-8874-907c19d38bd9_rw_1920-1024x683.jpg\" alt=\"\" class=\"wp-image-12313\" srcset=\"https:\/\/www.museumspass.ch\/wp-content\/uploads\/a1cad6b2-883d-4512-8874-907c19d38bd9_rw_1920-1024x683.jpg 1024w, https:\/\/www.museumspass.ch\/wp-content\/uploads\/a1cad6b2-883d-4512-8874-907c19d38bd9_rw_1920-300x200.jpg 300w, https:\/\/www.museumspass.ch\/wp-content\/uploads\/a1cad6b2-883d-4512-8874-907c19d38bd9_rw_1920-768x512.jpg 768w, https:\/\/www.museumspass.ch\/wp-content\/uploads\/a1cad6b2-883d-4512-8874-907c19d38bd9_rw_1920-1536x1024.jpg 1536w, https:\/\/www.museumspass.ch\/wp-content\/uploads\/a1cad6b2-883d-4512-8874-907c19d38bd9_rw_1920-18x12.jpg 18w, https:\/\/www.museumspass.ch\/wp-content\/uploads\/a1cad6b2-883d-4512-8874-907c19d38bd9_rw_1920.jpg 1920w\" sizes=\"(max-width: 1024px) 100vw, 1024px\" \/><\/figure>\n<\/div>\n\n\n\n<div class=\"wp-block-column is-layout-flow wp-block-column-is-layout-flow\">\n<figure class=\"wp-block-image size-large\"><img loading=\"lazy\" decoding=\"async\" width=\"1024\" height=\"683\" src=\"https:\/\/www.museumspass.ch\/wp-content\/uploads\/a3650bea-98b7-4a60-9566-b1983e8edac8_rw_1920-1024x683.jpg\" alt=\"\" class=\"wp-image-12314\" srcset=\"https:\/\/www.museumspass.ch\/wp-content\/uploads\/a3650bea-98b7-4a60-9566-b1983e8edac8_rw_1920-1024x683.jpg 1024w, https:\/\/www.museumspass.ch\/wp-content\/uploads\/a3650bea-98b7-4a60-9566-b1983e8edac8_rw_1920-300x200.jpg 300w, https:\/\/www.museumspass.ch\/wp-content\/uploads\/a3650bea-98b7-4a60-9566-b1983e8edac8_rw_1920-768x512.jpg 768w, https:\/\/www.museumspass.ch\/wp-content\/uploads\/a3650bea-98b7-4a60-9566-b1983e8edac8_rw_1920-1536x1024.jpg 1536w, https:\/\/www.museumspass.ch\/wp-content\/uploads\/a3650bea-98b7-4a60-9566-b1983e8edac8_rw_1920-18x12.jpg 18w, https:\/\/www.museumspass.ch\/wp-content\/uploads\/a3650bea-98b7-4a60-9566-b1983e8edac8_rw_1920.jpg 1920w\" sizes=\"(max-width: 1024px) 100vw, 1024px\" \/><\/figure>\n<\/div>\n\n\n\n<div class=\"wp-block-column is-layout-flow wp-block-column-is-layout-flow\">\n<figure class=\"wp-block-image size-large\"><img loading=\"lazy\" decoding=\"async\" width=\"1024\" height=\"683\" src=\"https:\/\/www.museumspass.ch\/wp-content\/uploads\/e7fc69b4-814d-409e-9c26-86374182b29d_rw_1920-1024x683.jpg\" alt=\"\" class=\"wp-image-12315\" srcset=\"https:\/\/www.museumspass.ch\/wp-content\/uploads\/e7fc69b4-814d-409e-9c26-86374182b29d_rw_1920-1024x683.jpg 1024w, https:\/\/www.museumspass.ch\/wp-content\/uploads\/e7fc69b4-814d-409e-9c26-86374182b29d_rw_1920-300x200.jpg 300w, https:\/\/www.museumspass.ch\/wp-content\/uploads\/e7fc69b4-814d-409e-9c26-86374182b29d_rw_1920-768x512.jpg 768w, https:\/\/www.museumspass.ch\/wp-content\/uploads\/e7fc69b4-814d-409e-9c26-86374182b29d_rw_1920-1536x1024.jpg 1536w, https:\/\/www.museumspass.ch\/wp-content\/uploads\/e7fc69b4-814d-409e-9c26-86374182b29d_rw_1920-18x12.jpg 18w, https:\/\/www.museumspass.ch\/wp-content\/uploads\/e7fc69b4-814d-409e-9c26-86374182b29d_rw_1920.jpg 1920w\" sizes=\"(max-width: 1024px) 100vw, 1024px\" \/><\/figure>\n<\/div>\n<\/div>\n\n\n\n<div style=\"height:20px\" aria-hidden=\"true\" class=\"wp-block-spacer\"><\/div>\n\n\n\n<h3 class=\"wp-block-heading\"><strong>Riprogettazione dei depositi<\/strong><\/h3>\n\n\n\n<div style=\"height:20px\" aria-hidden=\"true\" class=\"wp-block-spacer\"><\/div>\n\n\n\n<p>Per Aur\u00e9lie Couvreur, i lavori rappresentano una rara opportunit\u00e0 logistica: \u201e\u00c8 un'occasione per ripensare i nostri depositi. Stiamo giocando a una sorta di Tetris gigante per aumentare la densit\u00e0 di stoccaggio e tornare a un edificio pi\u00f9 funzionale\u201c. Circa 800 opere saranno trasferite in depositi temporanei per la durata dei lavori.<\/p>\n\n\n\n<div style=\"height:20px\" aria-hidden=\"true\" class=\"wp-block-spacer\"><\/div>\n\n\n\n<figure class=\"wp-block-image size-large\"><img loading=\"lazy\" decoding=\"async\" width=\"1024\" height=\"683\" src=\"https:\/\/www.museumspass.ch\/wp-content\/uploads\/6f9eb7d7-44f2-44ca-89df-dc5882bfb536_rw_1200-1024x683.jpg\" alt=\"Archivio\" class=\"wp-image-12299\" srcset=\"https:\/\/www.museumspass.ch\/wp-content\/uploads\/6f9eb7d7-44f2-44ca-89df-dc5882bfb536_rw_1200-1024x683.jpg 1024w, https:\/\/www.museumspass.ch\/wp-content\/uploads\/6f9eb7d7-44f2-44ca-89df-dc5882bfb536_rw_1200-300x200.jpg 300w, https:\/\/www.museumspass.ch\/wp-content\/uploads\/6f9eb7d7-44f2-44ca-89df-dc5882bfb536_rw_1200-768x512.jpg 768w, https:\/\/www.museumspass.ch\/wp-content\/uploads\/6f9eb7d7-44f2-44ca-89df-dc5882bfb536_rw_1200-18x12.jpg 18w, https:\/\/www.museumspass.ch\/wp-content\/uploads\/6f9eb7d7-44f2-44ca-89df-dc5882bfb536_rw_1200.jpg 1200w\" sizes=\"(max-width: 1024px) 100vw, 1024px\" \/><\/figure>\n\n\n\n<div style=\"height:20px\" aria-hidden=\"true\" class=\"wp-block-spacer\"><\/div>\n\n\n\n<h3 class=\"wp-block-heading\"><strong>Prospettive per l'autunno 2027<\/strong><\/h3>\n\n\n\n<div style=\"height:20px\" aria-hidden=\"true\" class=\"wp-block-spacer\"><\/div>\n\n\n\n<p>La riapertura \u00e8 prevista per l'autunno 2027 con una visita modificata. Alcune sale del piano terra e del primo piano, precedentemente private, saranno aperte al pubblico.<\/p>\n\n\n\n<p>Per quanto riguarda la mostra che aprir\u00e0 questo nuovo capitolo, il team sta ancora mantenendo un profilo basso. \u201eStiamo mettendo a punto le cose per la riapertura. Ma non \u00e8 ancora tutto definito... sar\u00e0 una sorpresa\u201c, conclude Aur\u00e9lie Couvreur.<\/p>\n\n\n\n<div style=\"height:20px\" aria-hidden=\"true\" class=\"wp-block-spacer\"><\/div>\n\n\n\n<figure class=\"wp-block-image size-large\"><img loading=\"lazy\" decoding=\"async\" width=\"1024\" height=\"683\" src=\"https:\/\/www.museumspass.ch\/wp-content\/uploads\/8632e9f8-7bac-4c50-8796-babdb23f92b8_rw_1200-1024x683.jpg\" alt=\"Scala\" class=\"wp-image-12300\" srcset=\"https:\/\/www.museumspass.ch\/wp-content\/uploads\/8632e9f8-7bac-4c50-8796-babdb23f92b8_rw_1200-1024x683.jpg 1024w, https:\/\/www.museumspass.ch\/wp-content\/uploads\/8632e9f8-7bac-4c50-8796-babdb23f92b8_rw_1200-300x200.jpg 300w, https:\/\/www.museumspass.ch\/wp-content\/uploads\/8632e9f8-7bac-4c50-8796-babdb23f92b8_rw_1200-768x512.jpg 768w, https:\/\/www.museumspass.ch\/wp-content\/uploads\/8632e9f8-7bac-4c50-8796-babdb23f92b8_rw_1200-18x12.jpg 18w, https:\/\/www.museumspass.ch\/wp-content\/uploads\/8632e9f8-7bac-4c50-8796-babdb23f92b8_rw_1200.jpg 1200w\" sizes=\"(max-width: 1024px) 100vw, 1024px\" \/><\/figure>\n\n\n\n<div style=\"height:40px\" aria-hidden=\"true\" class=\"wp-block-spacer\"><\/div>\n\n\n\n<div class=\"wp-block-columns has-border-color has-background is-layout-flex wp-container-core-columns-is-layout-28f84493 wp-block-columns-is-layout-flex\" style=\"border-color:#c8c8c8;border-width:1px;background-color:#e9eef0\">\n<div class=\"wp-block-column is-layout-flow wp-block-column-is-layout-flow\" style=\"flex-basis:50%\">\n<figure class=\"wp-block-image size-full is-resized\"><img loading=\"lazy\" decoding=\"async\" width=\"479\" height=\"480\" src=\"https:\/\/www.museumspass.ch\/wp-content\/uploads\/dom.png\" alt=\"\" class=\"wp-image-12320\" style=\"aspect-ratio:0.9979329558731015;width:305px;height:auto\" srcset=\"https:\/\/www.museumspass.ch\/wp-content\/uploads\/dom.png 479w, https:\/\/www.museumspass.ch\/wp-content\/uploads\/dom-300x300.png 300w, https:\/\/www.museumspass.ch\/wp-content\/uploads\/dom-150x150.png 150w, https:\/\/www.museumspass.ch\/wp-content\/uploads\/dom-12x12.png 12w\" sizes=\"(max-width: 479px) 100vw, 479px\" \/><\/figure>\n<\/div>\n\n\n\n<div class=\"wp-block-column is-layout-flow wp-block-column-is-layout-flow\" style=\"flex-basis:50%\">\n<h2 class=\"wp-block-heading\"><a href=\"https:\/\/blog.dominikgehl.com\/\" type=\"link\" id=\"https:\/\/blog.dominikgehl.com\/\">Dominik Gehl<\/a><\/h2>\n\n\n\n<p>Dal 2018 Dominik Gehl viaggia come ambasciatore dello Swiss Museum Pass per immortalare il variegato panorama museale svizzero dalla sua personale prospettiva. Il suo occhio per l'architettura e le linee chiare lo aiuta a documentare l'estetica tranquilla degli spazi vuoti e le dinamiche delle trasformazioni, come avviene attualmente alla Fondation de l'Hermitage. Quando non esplora i musei, condivide la sua passione per la fotografia e i viaggi con una comunit\u00e0 in crescita sui social media.<\/p>\n<\/div>\n<\/div>\n\n\n\n<p><\/p>","protected":false},"excerpt":{"rendered":"<p>Silenzio nel Salon bleu: mentre la Fondation de l'Hermitage chiude i battenti per una ristrutturazione di 18 mesi, il nostro ambasciatore Dominik Gehl ha dato un'occhiata dietro le quinte. Scoprite il suo esclusivo reportage fotografico su una casa in transizione e come il programma \u201aon the road\u2018 sta portando l'arte alla gente durante il periodo dei lavori.<\/p>","protected":false},"author":2,"featured_media":12295,"comment_status":"closed","ping_status":"open","sticky":false,"template":"","format":"standard","meta":{"footnotes":""},"categories":[70],"tags":[],"class_list":["post-12294","post","type-post","status-publish","format-standard","has-post-thumbnail","hentry","category-museums-news"],"yoast_head":"<!-- This site is optimized with the Yoast SEO plugin v26.8 - https:\/\/yoast.com\/product\/yoast-seo-wordpress\/ -->\n<title>Hinter den Kulissen: Die Verwandlung der Fondation de l&#039;Hermitage - Schweizer Museumspass Fondation de l\u2019Hermitage: Ein Blick hinter die Kulissen der Renovierung<\/title>\n<meta name=\"description\" content=\"Stille im Salon bleu: W\u00e4hrend die Fondation de l\u2019Hermitage ihre T\u00fcren f\u00fcr eine 18-monatige Renovierung schliesst, hat unser Botschafter Dominik Gehl den Blick hinter die Kulissen gewagt. Entdecken Sie seine exklusive Fotoreportage \u00fcber ein Haus im Wandel \u2013 und erfahren Sie, wie das Programm &#039;on the road&#039; die Kunst w\u00e4hrend der Bauzeit zu den Menschen bringt.\" \/>\n<meta name=\"robots\" content=\"index, follow, max-snippet:-1, max-image-preview:large, max-video-preview:-1\" \/>\n<link rel=\"canonical\" href=\"https:\/\/www.museumspass.ch\/it\/dietro-le-quinte-la-trasformazione-della-fondazione-de-lhermitage\/\" \/>\n<meta property=\"og:locale\" content=\"it_IT\" \/>\n<meta property=\"og:type\" content=\"article\" \/>\n<meta property=\"og:title\" content=\"Hinter den Kulissen: Die Verwandlung der Fondation de l&#039;Hermitage - Schweizer Museumspass Fondation de l\u2019Hermitage: Ein Blick hinter die Kulissen der Renovierung\" \/>\n<meta property=\"og:description\" content=\"Stille im Salon bleu: W\u00e4hrend die Fondation de l\u2019Hermitage ihre T\u00fcren f\u00fcr eine 18-monatige Renovierung schliesst, hat unser Botschafter Dominik Gehl den Blick hinter die Kulissen gewagt. Entdecken Sie seine exklusive Fotoreportage \u00fcber ein Haus im Wandel \u2013 und erfahren Sie, wie das Programm &#039;on the road&#039; die Kunst w\u00e4hrend der Bauzeit zu den Menschen bringt.\" \/>\n<meta property=\"og:url\" content=\"https:\/\/www.museumspass.ch\/it\/dietro-le-quinte-la-trasformazione-della-fondazione-de-lhermitage\/\" \/>\n<meta property=\"og:site_name\" content=\"Schweizer Museumspass\" \/>\n<meta property=\"article:publisher\" content=\"https:\/\/www.facebook.com\/SchweizerMuseumspass\/\" \/>\n<meta property=\"article:published_time\" content=\"2026-03-16T13:58:53+00:00\" \/>\n<meta property=\"article:modified_time\" content=\"2026-03-16T13:58:54+00:00\" \/>\n<meta property=\"og:image\" content=\"https:\/\/www.museumspass.ch\/wp-content\/uploads\/e9cc909c-d633-4886-9d56-e1a448e8446d_rw_1920.jpg\" \/>\n\t<meta property=\"og:image:width\" content=\"1920\" \/>\n\t<meta property=\"og:image:height\" content=\"1280\" \/>\n\t<meta property=\"og:image:type\" content=\"image\/jpeg\" \/>\n<meta name=\"author\" content=\"Basile\" \/>\n<meta name=\"twitter:card\" content=\"summary_large_image\" \/>\n<meta name=\"twitter:label1\" content=\"Scritto da\" \/>\n\t<meta name=\"twitter:data1\" content=\"Basile\" \/>\n\t<meta name=\"twitter:label2\" content=\"Tempo di lettura stimato\" \/>\n\t<meta name=\"twitter:data2\" content=\"10 minuti\" \/>\n<script type=\"application\/ld+json\" class=\"yoast-schema-graph\">{\"@context\":\"https:\/\/schema.org\",\"@graph\":[{\"@type\":\"Article\",\"@id\":\"https:\/\/www.museumspass.ch\/hinter-den-kulissen-die-verwandlung-der-fondation-de-lhermitage\/#article\",\"isPartOf\":{\"@id\":\"https:\/\/www.museumspass.ch\/hinter-den-kulissen-die-verwandlung-der-fondation-de-lhermitage\/\"},\"author\":{\"name\":\"Basile\",\"@id\":\"https:\/\/www.museumspass.ch\/de\/#\/schema\/person\/203c31df7590e52a3ca993981b194550\"},\"headline\":\"Hinter den Kulissen: Die Verwandlung der Fondation de l&#8217;Hermitage\",\"datePublished\":\"2026-03-16T13:58:53+00:00\",\"dateModified\":\"2026-03-16T13:58:54+00:00\",\"mainEntityOfPage\":{\"@id\":\"https:\/\/www.museumspass.ch\/hinter-den-kulissen-die-verwandlung-der-fondation-de-lhermitage\/\"},\"wordCount\":987,\"publisher\":{\"@id\":\"https:\/\/www.museumspass.ch\/de\/#organization\"},\"image\":{\"@id\":\"https:\/\/www.museumspass.ch\/hinter-den-kulissen-die-verwandlung-der-fondation-de-lhermitage\/#primaryimage\"},\"thumbnailUrl\":\"https:\/\/www.museumspass.ch\/wp-content\/uploads\/e9cc909c-d633-4886-9d56-e1a448e8446d_rw_1920.jpg\",\"articleSection\":[\"Museums-News\"],\"inLanguage\":\"it-IT\"},{\"@type\":\"WebPage\",\"@id\":\"https:\/\/www.museumspass.ch\/hinter-den-kulissen-die-verwandlung-der-fondation-de-lhermitage\/\",\"url\":\"https:\/\/www.museumspass.ch\/hinter-den-kulissen-die-verwandlung-der-fondation-de-lhermitage\/\",\"name\":\"Hinter den Kulissen: Die Verwandlung der Fondation de l'Hermitage - Schweizer Museumspass Fondation de l\u2019Hermitage: Ein Blick hinter die Kulissen der Renovierung\",\"isPartOf\":{\"@id\":\"https:\/\/www.museumspass.ch\/de\/#website\"},\"primaryImageOfPage\":{\"@id\":\"https:\/\/www.museumspass.ch\/hinter-den-kulissen-die-verwandlung-der-fondation-de-lhermitage\/#primaryimage\"},\"image\":{\"@id\":\"https:\/\/www.museumspass.ch\/hinter-den-kulissen-die-verwandlung-der-fondation-de-lhermitage\/#primaryimage\"},\"thumbnailUrl\":\"https:\/\/www.museumspass.ch\/wp-content\/uploads\/e9cc909c-d633-4886-9d56-e1a448e8446d_rw_1920.jpg\",\"datePublished\":\"2026-03-16T13:58:53+00:00\",\"dateModified\":\"2026-03-16T13:58:54+00:00\",\"description\":\"Stille im Salon bleu: W\u00e4hrend die Fondation de l\u2019Hermitage ihre T\u00fcren f\u00fcr eine 18-monatige Renovierung schliesst, hat unser Botschafter Dominik Gehl den Blick hinter die Kulissen gewagt. Entdecken Sie seine exklusive Fotoreportage \u00fcber ein Haus im Wandel \u2013 und erfahren Sie, wie das Programm 'on the road' die Kunst w\u00e4hrend der Bauzeit zu den Menschen bringt.\",\"breadcrumb\":{\"@id\":\"https:\/\/www.museumspass.ch\/hinter-den-kulissen-die-verwandlung-der-fondation-de-lhermitage\/#breadcrumb\"},\"inLanguage\":\"it-IT\",\"potentialAction\":[{\"@type\":\"ReadAction\",\"target\":[\"https:\/\/www.museumspass.ch\/hinter-den-kulissen-die-verwandlung-der-fondation-de-lhermitage\/\"]}]},{\"@type\":\"ImageObject\",\"inLanguage\":\"it-IT\",\"@id\":\"https:\/\/www.museumspass.ch\/hinter-den-kulissen-die-verwandlung-der-fondation-de-lhermitage\/#primaryimage\",\"url\":\"https:\/\/www.museumspass.ch\/wp-content\/uploads\/e9cc909c-d633-4886-9d56-e1a448e8446d_rw_1920.jpg\",\"contentUrl\":\"https:\/\/www.museumspass.ch\/wp-content\/uploads\/e9cc909c-d633-4886-9d56-e1a448e8446d_rw_1920.jpg\",\"width\":1920,\"height\":1280},{\"@type\":\"BreadcrumbList\",\"@id\":\"https:\/\/www.museumspass.ch\/hinter-den-kulissen-die-verwandlung-der-fondation-de-lhermitage\/#breadcrumb\",\"itemListElement\":[{\"@type\":\"ListItem\",\"position\":1,\"name\":\"Start\",\"item\":\"https:\/\/www.museumspass.ch\/de\/\"},{\"@type\":\"ListItem\",\"position\":2,\"name\":\"Hinter den Kulissen: Die Verwandlung der Fondation de l&#8217;Hermitage\"}]},{\"@type\":\"WebSite\",\"@id\":\"https:\/\/www.museumspass.ch\/de\/#website\",\"url\":\"https:\/\/www.museumspass.ch\/de\/\",\"name\":\"Schweizer Museumspass\",\"description\":\"1 Jahr lang kostenlosen Zugang zu \u00fcber 500 Schweizer Museen\",\"publisher\":{\"@id\":\"https:\/\/www.museumspass.ch\/de\/#organization\"},\"potentialAction\":[{\"@type\":\"SearchAction\",\"target\":{\"@type\":\"EntryPoint\",\"urlTemplate\":\"https:\/\/www.museumspass.ch\/de\/?s={search_term_string}\"},\"query-input\":{\"@type\":\"PropertyValueSpecification\",\"valueRequired\":true,\"valueName\":\"search_term_string\"}}],\"inLanguage\":\"it-IT\"},{\"@type\":\"Organization\",\"@id\":\"https:\/\/www.museumspass.ch\/de\/#organization\",\"name\":\"Schweizer Museumspass\",\"url\":\"https:\/\/www.museumspass.ch\/de\/\",\"logo\":{\"@type\":\"ImageObject\",\"inLanguage\":\"it-IT\",\"@id\":\"https:\/\/www.museumspass.ch\/de\/#\/schema\/logo\/image\/\",\"url\":\"https:\/\/www.museumspass.ch\/wp-content\/uploads\/Design-ohne-Titel-55.png\",\"contentUrl\":\"https:\/\/www.museumspass.ch\/wp-content\/uploads\/Design-ohne-Titel-55.png\",\"width\":1024,\"height\":576,\"caption\":\"Schweizer Museumspass\"},\"image\":{\"@id\":\"https:\/\/www.museumspass.ch\/de\/#\/schema\/logo\/image\/\"},\"sameAs\":[\"https:\/\/www.facebook.com\/SchweizerMuseumspass\/\",\"https:\/\/www.instagram.com\/museumspass\/\",\"https:\/\/www.linkedin.com\/company\/stiftung-schweizer-museumspass\/\"]},{\"@type\":\"Person\",\"@id\":\"https:\/\/www.museumspass.ch\/de\/#\/schema\/person\/203c31df7590e52a3ca993981b194550\",\"name\":\"Basile\",\"image\":{\"@type\":\"ImageObject\",\"inLanguage\":\"it-IT\",\"@id\":\"https:\/\/www.museumspass.ch\/de\/#\/schema\/person\/image\/\",\"url\":\"https:\/\/secure.gravatar.com\/avatar\/123a9c4b6097f9a82eaef7d4a1fb0e040e8baa583dbdcc70496b9c7e8c627993?s=96&d=mm&r=g\",\"contentUrl\":\"https:\/\/secure.gravatar.com\/avatar\/123a9c4b6097f9a82eaef7d4a1fb0e040e8baa583dbdcc70496b9c7e8c627993?s=96&d=mm&r=g\",\"caption\":\"Basile\"},\"url\":\"https:\/\/www.museumspass.ch\/it\/author\/wp-basile\/\"}]}<\/script>\n<!-- \/ Yoast SEO plugin. -->","yoast_head_json":{"title":"Dietro le quinte: La trasformazione della Fondation de l'Hermitage - Swiss Museum Pass Fondation de l'Hermitage: Uno sguardo dietro le quinte della ristrutturazione","description":"Silenzio nel Salon bleu: mentre la Fondation de l'Hermitage chiude i battenti per una ristrutturazione di 18 mesi, il nostro ambasciatore Dominik Gehl ha dato un'occhiata dietro le quinte. Scoprite il suo esclusivo reportage fotografico su una casa in transizione e come il programma 'on the road' sta portando l'arte alla gente durante il periodo dei lavori.","robots":{"index":"index","follow":"follow","max-snippet":"max-snippet:-1","max-image-preview":"max-image-preview:large","max-video-preview":"max-video-preview:-1"},"canonical":"https:\/\/www.museumspass.ch\/it\/dietro-le-quinte-la-trasformazione-della-fondazione-de-lhermitage\/","og_locale":"it_IT","og_type":"article","og_title":"Hinter den Kulissen: Die Verwandlung der Fondation de l'Hermitage - Schweizer Museumspass Fondation de l\u2019Hermitage: Ein Blick hinter die Kulissen der Renovierung","og_description":"Stille im Salon bleu: W\u00e4hrend die Fondation de l\u2019Hermitage ihre T\u00fcren f\u00fcr eine 18-monatige Renovierung schliesst, hat unser Botschafter Dominik Gehl den Blick hinter die Kulissen gewagt. Entdecken Sie seine exklusive Fotoreportage \u00fcber ein Haus im Wandel \u2013 und erfahren Sie, wie das Programm 'on the road' die Kunst w\u00e4hrend der Bauzeit zu den Menschen bringt.","og_url":"https:\/\/www.museumspass.ch\/it\/dietro-le-quinte-la-trasformazione-della-fondazione-de-lhermitage\/","og_site_name":"Schweizer Museumspass","article_publisher":"https:\/\/www.facebook.com\/SchweizerMuseumspass\/","article_published_time":"2026-03-16T13:58:53+00:00","article_modified_time":"2026-03-16T13:58:54+00:00","og_image":[{"width":1920,"height":1280,"url":"https:\/\/www.museumspass.ch\/wp-content\/uploads\/e9cc909c-d633-4886-9d56-e1a448e8446d_rw_1920.jpg","type":"image\/jpeg"}],"author":"Basile","twitter_card":"summary_large_image","twitter_misc":{"Scritto da":"Basile","Tempo di lettura stimato":"10 minuti"},"schema":{"@context":"https:\/\/schema.org","@graph":[{"@type":"Article","@id":"https:\/\/www.museumspass.ch\/hinter-den-kulissen-die-verwandlung-der-fondation-de-lhermitage\/#article","isPartOf":{"@id":"https:\/\/www.museumspass.ch\/hinter-den-kulissen-die-verwandlung-der-fondation-de-lhermitage\/"},"author":{"name":"Basile","@id":"https:\/\/www.museumspass.ch\/de\/#\/schema\/person\/203c31df7590e52a3ca993981b194550"},"headline":"Hinter den Kulissen: Die Verwandlung der Fondation de l&#8217;Hermitage","datePublished":"2026-03-16T13:58:53+00:00","dateModified":"2026-03-16T13:58:54+00:00","mainEntityOfPage":{"@id":"https:\/\/www.museumspass.ch\/hinter-den-kulissen-die-verwandlung-der-fondation-de-lhermitage\/"},"wordCount":987,"publisher":{"@id":"https:\/\/www.museumspass.ch\/de\/#organization"},"image":{"@id":"https:\/\/www.museumspass.ch\/hinter-den-kulissen-die-verwandlung-der-fondation-de-lhermitage\/#primaryimage"},"thumbnailUrl":"https:\/\/www.museumspass.ch\/wp-content\/uploads\/e9cc909c-d633-4886-9d56-e1a448e8446d_rw_1920.jpg","articleSection":["Museums-News"],"inLanguage":"it-IT"},{"@type":"WebPage","@id":"https:\/\/www.museumspass.ch\/hinter-den-kulissen-die-verwandlung-der-fondation-de-lhermitage\/","url":"https:\/\/www.museumspass.ch\/hinter-den-kulissen-die-verwandlung-der-fondation-de-lhermitage\/","name":"Dietro le quinte: La trasformazione della Fondation de l'Hermitage - Swiss Museum Pass Fondation de l'Hermitage: Uno sguardo dietro le quinte della ristrutturazione","isPartOf":{"@id":"https:\/\/www.museumspass.ch\/de\/#website"},"primaryImageOfPage":{"@id":"https:\/\/www.museumspass.ch\/hinter-den-kulissen-die-verwandlung-der-fondation-de-lhermitage\/#primaryimage"},"image":{"@id":"https:\/\/www.museumspass.ch\/hinter-den-kulissen-die-verwandlung-der-fondation-de-lhermitage\/#primaryimage"},"thumbnailUrl":"https:\/\/www.museumspass.ch\/wp-content\/uploads\/e9cc909c-d633-4886-9d56-e1a448e8446d_rw_1920.jpg","datePublished":"2026-03-16T13:58:53+00:00","dateModified":"2026-03-16T13:58:54+00:00","description":"Silenzio nel Salon bleu: mentre la Fondation de l'Hermitage chiude i battenti per una ristrutturazione di 18 mesi, il nostro ambasciatore Dominik Gehl ha dato un'occhiata dietro le quinte. Scoprite il suo esclusivo reportage fotografico su una casa in transizione e come il programma 'on the road' sta portando l'arte alla gente durante il periodo dei lavori.","breadcrumb":{"@id":"https:\/\/www.museumspass.ch\/hinter-den-kulissen-die-verwandlung-der-fondation-de-lhermitage\/#breadcrumb"},"inLanguage":"it-IT","potentialAction":[{"@type":"ReadAction","target":["https:\/\/www.museumspass.ch\/hinter-den-kulissen-die-verwandlung-der-fondation-de-lhermitage\/"]}]},{"@type":"ImageObject","inLanguage":"it-IT","@id":"https:\/\/www.museumspass.ch\/hinter-den-kulissen-die-verwandlung-der-fondation-de-lhermitage\/#primaryimage","url":"https:\/\/www.museumspass.ch\/wp-content\/uploads\/e9cc909c-d633-4886-9d56-e1a448e8446d_rw_1920.jpg","contentUrl":"https:\/\/www.museumspass.ch\/wp-content\/uploads\/e9cc909c-d633-4886-9d56-e1a448e8446d_rw_1920.jpg","width":1920,"height":1280},{"@type":"BreadcrumbList","@id":"https:\/\/www.museumspass.ch\/hinter-den-kulissen-die-verwandlung-der-fondation-de-lhermitage\/#breadcrumb","itemListElement":[{"@type":"ListItem","position":1,"name":"Start","item":"https:\/\/www.museumspass.ch\/de\/"},{"@type":"ListItem","position":2,"name":"Hinter den Kulissen: Die Verwandlung der Fondation de l&#8217;Hermitage"}]},{"@type":"WebSite","@id":"https:\/\/www.museumspass.ch\/de\/#website","url":"https:\/\/www.museumspass.ch\/de\/","name":"Passaporto Musei Svizzeri","description":"1 anno di accesso gratuito a oltre 500 musei svizzeri","publisher":{"@id":"https:\/\/www.museumspass.ch\/de\/#organization"},"potentialAction":[{"@type":"SearchAction","target":{"@type":"EntryPoint","urlTemplate":"https:\/\/www.museumspass.ch\/de\/?s={search_term_string}"},"query-input":{"@type":"PropertyValueSpecification","valueRequired":true,"valueName":"search_term_string"}}],"inLanguage":"it-IT"},{"@type":"Organization","@id":"https:\/\/www.museumspass.ch\/de\/#organization","name":"Passaporto Musei Svizzeri","url":"https:\/\/www.museumspass.ch\/de\/","logo":{"@type":"ImageObject","inLanguage":"it-IT","@id":"https:\/\/www.museumspass.ch\/de\/#\/schema\/logo\/image\/","url":"https:\/\/www.museumspass.ch\/wp-content\/uploads\/Design-ohne-Titel-55.png","contentUrl":"https:\/\/www.museumspass.ch\/wp-content\/uploads\/Design-ohne-Titel-55.png","width":1024,"height":576,"caption":"Schweizer Museumspass"},"image":{"@id":"https:\/\/www.museumspass.ch\/de\/#\/schema\/logo\/image\/"},"sameAs":["https:\/\/www.facebook.com\/SchweizerMuseumspass\/","https:\/\/www.instagram.com\/museumspass\/","https:\/\/www.linkedin.com\/company\/stiftung-schweizer-museumspass\/"]},{"@type":"Person","@id":"https:\/\/www.museumspass.ch\/de\/#\/schema\/person\/203c31df7590e52a3ca993981b194550","name":"Basile","image":{"@type":"ImageObject","inLanguage":"it-IT","@id":"https:\/\/www.museumspass.ch\/de\/#\/schema\/person\/image\/","url":"https:\/\/secure.gravatar.com\/avatar\/123a9c4b6097f9a82eaef7d4a1fb0e040e8baa583dbdcc70496b9c7e8c627993?s=96&d=mm&r=g","contentUrl":"https:\/\/secure.gravatar.com\/avatar\/123a9c4b6097f9a82eaef7d4a1fb0e040e8baa583dbdcc70496b9c7e8c627993?s=96&d=mm&r=g","caption":"Basile"},"url":"https:\/\/www.museumspass.ch\/it\/author\/wp-basile\/"}]}},"publishpress_future_action":{"enabled":false,"date":"2026-05-08 15:04:25","action":"change-status","newStatus":"draft","terms":[],"taxonomy":"category","extraData":[]},"publishpress_future_workflow_manual_trigger":{"enabledWorkflows":[]},"_links":{"self":[{"href":"https:\/\/www.museumspass.ch\/it\/wp-json\/wp\/v2\/posts\/12294","targetHints":{"allow":["GET"]}}],"collection":[{"href":"https:\/\/www.museumspass.ch\/it\/wp-json\/wp\/v2\/posts"}],"about":[{"href":"https:\/\/www.museumspass.ch\/it\/wp-json\/wp\/v2\/types\/post"}],"author":[{"embeddable":true,"href":"https:\/\/www.museumspass.ch\/it\/wp-json\/wp\/v2\/users\/2"}],"replies":[{"embeddable":true,"href":"https:\/\/www.museumspass.ch\/it\/wp-json\/wp\/v2\/comments?post=12294"}],"version-history":[{"count":4,"href":"https:\/\/www.museumspass.ch\/it\/wp-json\/wp\/v2\/posts\/12294\/revisions"}],"predecessor-version":[{"id":12324,"href":"https:\/\/www.museumspass.ch\/it\/wp-json\/wp\/v2\/posts\/12294\/revisions\/12324"}],"wp:featuredmedia":[{"embeddable":true,"href":"https:\/\/www.museumspass.ch\/it\/wp-json\/wp\/v2\/media\/12295"}],"wp:attachment":[{"href":"https:\/\/www.museumspass.ch\/it\/wp-json\/wp\/v2\/media?parent=12294"}],"wp:term":[{"taxonomy":"category","embeddable":true,"href":"https:\/\/www.museumspass.ch\/it\/wp-json\/wp\/v2\/categories?post=12294"},{"taxonomy":"post_tag","embeddable":true,"href":"https:\/\/www.museumspass.ch\/it\/wp-json\/wp\/v2\/tags?post=12294"}],"curies":[{"name":"wp","href":"https:\/\/api.w.org\/{rel}","templated":true}]}}