{"id":12546,"date":"2026-04-30T15:44:21","date_gmt":"2026-04-30T14:44:21","guid":{"rendered":"https:\/\/www.museumspass.ch\/?p=12546"},"modified":"2026-04-30T15:44:22","modified_gmt":"2026-04-30T14:44:22","slug":"30-anni-di-swiss-museum-pass-un-anniversario-allinsegna-della-partecipazione-culturale","status":"publish","type":"post","link":"https:\/\/www.museumspass.ch\/it\/30-anni-di-swiss-museum-pass-un-anniversario-allinsegna-della-partecipazione-culturale\/","title":{"rendered":"30 anni di Swiss Museum Pass: un anniversario all'insegna della partecipazione culturale"},"content":{"rendered":"<p><strong>Con un record di visitatori e la presenza di personalit\u00e0 di spicco al Museo d'Arte di Berna, il Museo Pass Svizzero inaugura il suo anno giubilare 2026.<\/strong><\/p>\n\n\n\n<figure class=\"wp-block-image size-large\"><img fetchpriority=\"high\" decoding=\"async\" width=\"1024\" height=\"683\" src=\"https:\/\/www.museumspass.ch\/wp-content\/uploads\/Portrait_BR_Elisabeth_Baume_Schneider-Museumspass-1024x683.jpg\" alt=\"\" class=\"wp-image-12547\" srcset=\"https:\/\/www.museumspass.ch\/wp-content\/uploads\/Portrait_BR_Elisabeth_Baume_Schneider-Museumspass-1024x683.jpg 1024w, https:\/\/www.museumspass.ch\/wp-content\/uploads\/Portrait_BR_Elisabeth_Baume_Schneider-Museumspass-300x200.jpg 300w, https:\/\/www.museumspass.ch\/wp-content\/uploads\/Portrait_BR_Elisabeth_Baume_Schneider-Museumspass-768x512.jpg 768w, https:\/\/www.museumspass.ch\/wp-content\/uploads\/Portrait_BR_Elisabeth_Baume_Schneider-Museumspass-1536x1024.jpg 1536w, https:\/\/www.museumspass.ch\/wp-content\/uploads\/Portrait_BR_Elisabeth_Baume_Schneider-Museumspass-2048x1365.jpg 2048w, https:\/\/www.museumspass.ch\/wp-content\/uploads\/Portrait_BR_Elisabeth_Baume_Schneider-Museumspass-18x12.jpg 18w\" sizes=\"(max-width: 1024px) 100vw, 1024px\" \/><figcaption class=\"wp-element-caption\"><em>La Consigliera federale Elisabeth Baume-Schneider all'inaugurazione ufficiale dell'anno del giubileo al Kunstmuseum di Berna.<\/em><\/figcaption><\/figure>\n\n\n\n<p>Da tre decenni perseguiamo una chiara missione: rendere la cultura accessibile a tutti. Che per il nostro anniversario abbiamo raggiunto la soglia di <strong>1,5 milioni di ingressi<\/strong> il raggiungimento di questo traguardo non \u00e8 per noi solo un numero, ma la conferma dell'interesse ininterrotto per il panorama museale svizzero.<\/p>\n\n\n\n<h3 class=\"wp-block-heading\">Un inizio con una nota personale<\/h3>\n\n\n\n<p>La consigliera federale ha dato il via ufficiale <strong>Elisabeth Baume-Schneider<\/strong> nel <a href=\"https:\/\/www.kunstmuseumbern.ch\/\" type=\"link\" id=\"https:\/\/www.kunstmuseumbern.ch\/\" target=\"_blank\" rel=\"noreferrer noopener\">Museo d'arte di Berna<\/a>. Durante una visita guidata personale, ha offerto una prospettiva unica sull'arte e ha presentato il suo lavoro preferito di Sophie Taeuber-Arp.<\/p>\n\n\n\n<p>Questa visita segna anche l'inizio della nostra serie <strong>\u00abL'altro sguardo\u00bb<\/strong>Nel corso dell'anno, personalit\u00e0 svizzere guideranno visite e condivideranno le loro prospettive individuali su diverse opere con il pubblico.<\/p>\n\n\n\n<h3 class=\"wp-block-heading\">Cosa ti aspetta nell'anno giubilare 2026<\/h3>\n\n\n\n<p>Non solo celebriamo il passato, ma diamo nuovi impulsi al futuro:<\/p>\n\n\n\n<ul class=\"wp-block-list\">\n<li><strong>Prospettive Prominenti:<\/strong> Visite guidate uniche con ospiti dalla societ\u00e0 e dalla cultura, in tutta la Svizzera.<\/li>\n\n\n\n<li><strong>La tua voce conta:<\/strong> Per la prima volta, il <strong><a href=\"https:\/\/www.museumspass.ch\/de\/museumspreis\/\" type=\"link\" id=\"https:\/\/www.museumspass.ch\/de\/museumspreis\/\" target=\"_blank\" rel=\"noreferrer noopener\">Premio del Museo svizzero<\/a><\/strong> consegnato e il pubblico decide chi lo riceve.<\/li>\n\n\n\n<li><strong>Cultura per tutti:<\/strong> Attraverso una cooperazione rafforzata con <em>Caritas<\/em>, <em>Pro Senectute<\/em> e il <em>Fondazione Reka<\/em> abbattiamo le barriere.<\/li>\n\n\n\n<li><strong>Condividi i tuoi momenti:<\/strong> Sotto l'hashtag <strong><a href=\"https:\/\/www.museumspass.ch\/de\/dreissig-jahre-schweizer-museumspass\/wettbewerb\/\" type=\"link\" id=\"https:\/\/www.museumspass.ch\/de\/dreissig-jahre-schweizer-museumspass\/wettbewerb\/\" target=\"_blank\" rel=\"noreferrer noopener\">#IamoreMuseiSvizzeri<\/a><\/strong> ti invitiamo a far parte della nostra campagna digitale per l'anniversario.<\/li>\n<\/ul>\n\n\n\n<h3 class=\"wp-block-heading\">Da un'idea a un movimento<\/h3>\n\n\n\n<p>Ci\u00f2 che inizi\u00f2 nel 1996 come un progetto pionieristico dell'Ufficio federale della cultura, Svizzera Turismo e dell'Associazione dei musei svizzeri, \u00e8 oggi una colonna portante della nostra identit\u00e0. Con oltre <strong>500 musei collegati<\/strong> Colleghiamo persone, regioni e storie.<\/p>\n\n\n\n<p>Non vediamo l'ora di festeggiare con voi quest'anno.<\/p>\n\n\n\n<p><a href=\"https:\/\/www.museumspass.ch\/de\/dreissig-jahre-schweizer-museumspass\/\" type=\"link\" id=\"https:\/\/www.museumspass.ch\/de\/dreissig-jahre-schweizer-museumspass\/\">Qui si va alla pagina dell'anniversario -&gt;<\/a><\/p>","protected":false},"excerpt":{"rendered":"<p>Con un record di visitatori e la presenza di personalit\u00e0 di spicco al Kunstmuseum di Berna, il Museo Svizzero Pass d\u00e0 il via al suo anno giubilare 2026. Da tre decenni perseguiamo una chiara missione: rendere la cultura accessibile a tutti. Il fatto che, puntuali per il giubileo, abbiamo superato la soglia di 1,5 milioni di ingressi, non \u00e8 per noi solo una cifra, ma la conferma [\u2026]<\/p>","protected":false},"author":2,"featured_media":12547,"comment_status":"open","ping_status":"open","sticky":false,"template":"","format":"standard","meta":{"footnotes":""},"categories":[67],"tags":[],"class_list":["post-12546","post","type-post","status-publish","format-standard","has-post-thumbnail","hentry","category-jubilaeum"],"yoast_head":"<!-- This site is optimized with the Yoast SEO plugin v26.8 - https:\/\/yoast.com\/product\/yoast-seo-wordpress\/ -->\n<title>30 Jahre Schweizer Museumspass: Ein Jubil\u00e4um im Zeichen der kulturellen Teilhabe - Schweizer Museumspass<\/title>\n<meta name=\"description\" content=\"Zum Jubil\u00e4um 30 Jahre Schweizer Museumspass pr\u00e4sentiert Elisabeth Baume-Schneider ihr Lieblingswerk im Kunstmuseum Bern. Entdecken Sie die Highlights und unseren Wettbewerb!\" \/>\n<meta name=\"robots\" content=\"index, follow, max-snippet:-1, max-image-preview:large, max-video-preview:-1\" \/>\n<link rel=\"canonical\" href=\"https:\/\/www.museumspass.ch\/it\/30-anni-di-swiss-museum-pass-un-anniversario-allinsegna-della-partecipazione-culturale\/\" \/>\n<meta property=\"og:locale\" content=\"it_IT\" \/>\n<meta property=\"og:type\" content=\"article\" \/>\n<meta property=\"og:title\" content=\"30 Jahre Schweizer Museumspass: Ein Jubil\u00e4um im Zeichen der kulturellen Teilhabe - Schweizer Museumspass\" \/>\n<meta property=\"og:description\" content=\"Zum Jubil\u00e4um 30 Jahre Schweizer Museumspass pr\u00e4sentiert Elisabeth Baume-Schneider ihr Lieblingswerk im Kunstmuseum Bern. Entdecken Sie die Highlights und unseren Wettbewerb!\" \/>\n<meta property=\"og:url\" content=\"https:\/\/www.museumspass.ch\/it\/30-anni-di-swiss-museum-pass-un-anniversario-allinsegna-della-partecipazione-culturale\/\" \/>\n<meta property=\"og:site_name\" content=\"Schweizer Museumspass\" \/>\n<meta property=\"article:publisher\" content=\"https:\/\/www.facebook.com\/SchweizerMuseumspass\/\" \/>\n<meta property=\"article:published_time\" content=\"2026-04-30T14:44:21+00:00\" \/>\n<meta property=\"article:modified_time\" content=\"2026-04-30T14:44:22+00:00\" \/>\n<meta property=\"og:image\" content=\"https:\/\/www.museumspass.ch\/wp-content\/uploads\/Portrait_BR_Elisabeth_Baume_Schneider-Museumspass-scaled.jpg\" \/>\n\t<meta property=\"og:image:width\" content=\"2560\" \/>\n\t<meta property=\"og:image:height\" content=\"1707\" \/>\n\t<meta property=\"og:image:type\" content=\"image\/jpeg\" \/>\n<meta name=\"author\" content=\"Basile\" \/>\n<meta name=\"twitter:card\" content=\"summary_large_image\" \/>\n<meta name=\"twitter:label1\" content=\"Scritto da\" \/>\n\t<meta name=\"twitter:data1\" content=\"Basile\" \/>\n\t<meta name=\"twitter:label2\" content=\"Tempo di lettura stimato\" \/>\n\t<meta name=\"twitter:data2\" content=\"3 minuti\" \/>\n<script type=\"application\/ld+json\" class=\"yoast-schema-graph\">{\"@context\":\"https:\/\/schema.org\",\"@graph\":[{\"@type\":\"Article\",\"@id\":\"https:\/\/www.museumspass.ch\/30-jahre-schweizer-museumspass-ein-jubilaeum-im-zeichen-der-kulturellen-teilhabe\/#article\",\"isPartOf\":{\"@id\":\"https:\/\/www.museumspass.ch\/30-jahre-schweizer-museumspass-ein-jubilaeum-im-zeichen-der-kulturellen-teilhabe\/\"},\"author\":{\"name\":\"Basile\",\"@id\":\"https:\/\/www.museumspass.ch\/de\/#\/schema\/person\/203c31df7590e52a3ca993981b194550\"},\"headline\":\"30 Jahre Schweizer Museumspass: Ein Jubil\u00e4um im Zeichen der kulturellen Teilhabe\",\"datePublished\":\"2026-04-30T14:44:21+00:00\",\"dateModified\":\"2026-04-30T14:44:22+00:00\",\"mainEntityOfPage\":{\"@id\":\"https:\/\/www.museumspass.ch\/30-jahre-schweizer-museumspass-ein-jubilaeum-im-zeichen-der-kulturellen-teilhabe\/\"},\"wordCount\":325,\"commentCount\":0,\"publisher\":{\"@id\":\"https:\/\/www.museumspass.ch\/de\/#organization\"},\"image\":{\"@id\":\"https:\/\/www.museumspass.ch\/30-jahre-schweizer-museumspass-ein-jubilaeum-im-zeichen-der-kulturellen-teilhabe\/#primaryimage\"},\"thumbnailUrl\":\"https:\/\/www.museumspass.ch\/wp-content\/uploads\/Portrait_BR_Elisabeth_Baume_Schneider-Museumspass-scaled.jpg\",\"articleSection\":[\"Jubil\u00e4um\"],\"inLanguage\":\"it-IT\",\"potentialAction\":[{\"@type\":\"CommentAction\",\"name\":\"Comment\",\"target\":[\"https:\/\/www.museumspass.ch\/30-jahre-schweizer-museumspass-ein-jubilaeum-im-zeichen-der-kulturellen-teilhabe\/#respond\"]}]},{\"@type\":\"WebPage\",\"@id\":\"https:\/\/www.museumspass.ch\/30-jahre-schweizer-museumspass-ein-jubilaeum-im-zeichen-der-kulturellen-teilhabe\/\",\"url\":\"https:\/\/www.museumspass.ch\/30-jahre-schweizer-museumspass-ein-jubilaeum-im-zeichen-der-kulturellen-teilhabe\/\",\"name\":\"30 Jahre Schweizer Museumspass: Ein Jubil\u00e4um im Zeichen der kulturellen Teilhabe - Schweizer Museumspass\",\"isPartOf\":{\"@id\":\"https:\/\/www.museumspass.ch\/de\/#website\"},\"primaryImageOfPage\":{\"@id\":\"https:\/\/www.museumspass.ch\/30-jahre-schweizer-museumspass-ein-jubilaeum-im-zeichen-der-kulturellen-teilhabe\/#primaryimage\"},\"image\":{\"@id\":\"https:\/\/www.museumspass.ch\/30-jahre-schweizer-museumspass-ein-jubilaeum-im-zeichen-der-kulturellen-teilhabe\/#primaryimage\"},\"thumbnailUrl\":\"https:\/\/www.museumspass.ch\/wp-content\/uploads\/Portrait_BR_Elisabeth_Baume_Schneider-Museumspass-scaled.jpg\",\"datePublished\":\"2026-04-30T14:44:21+00:00\",\"dateModified\":\"2026-04-30T14:44:22+00:00\",\"description\":\"Zum Jubil\u00e4um 30 Jahre Schweizer Museumspass pr\u00e4sentiert Elisabeth Baume-Schneider ihr Lieblingswerk im Kunstmuseum Bern. Entdecken Sie die Highlights und unseren Wettbewerb!\",\"breadcrumb\":{\"@id\":\"https:\/\/www.museumspass.ch\/30-jahre-schweizer-museumspass-ein-jubilaeum-im-zeichen-der-kulturellen-teilhabe\/#breadcrumb\"},\"inLanguage\":\"it-IT\",\"potentialAction\":[{\"@type\":\"ReadAction\",\"target\":[\"https:\/\/www.museumspass.ch\/30-jahre-schweizer-museumspass-ein-jubilaeum-im-zeichen-der-kulturellen-teilhabe\/\"]}]},{\"@type\":\"ImageObject\",\"inLanguage\":\"it-IT\",\"@id\":\"https:\/\/www.museumspass.ch\/30-jahre-schweizer-museumspass-ein-jubilaeum-im-zeichen-der-kulturellen-teilhabe\/#primaryimage\",\"url\":\"https:\/\/www.museumspass.ch\/wp-content\/uploads\/Portrait_BR_Elisabeth_Baume_Schneider-Museumspass-scaled.jpg\",\"contentUrl\":\"https:\/\/www.museumspass.ch\/wp-content\/uploads\/Portrait_BR_Elisabeth_Baume_Schneider-Museumspass-scaled.jpg\",\"width\":2560,\"height\":1707},{\"@type\":\"BreadcrumbList\",\"@id\":\"https:\/\/www.museumspass.ch\/30-jahre-schweizer-museumspass-ein-jubilaeum-im-zeichen-der-kulturellen-teilhabe\/#breadcrumb\",\"itemListElement\":[{\"@type\":\"ListItem\",\"position\":1,\"name\":\"Start\",\"item\":\"https:\/\/www.museumspass.ch\/de\/\"},{\"@type\":\"ListItem\",\"position\":2,\"name\":\"30 Jahre Schweizer Museumspass: Ein Jubil\u00e4um im Zeichen der kulturellen Teilhabe\"}]},{\"@type\":\"WebSite\",\"@id\":\"https:\/\/www.museumspass.ch\/de\/#website\",\"url\":\"https:\/\/www.museumspass.ch\/de\/\",\"name\":\"Schweizer Museumspass\",\"description\":\"1 Jahr lang kostenlosen Zugang zu \u00fcber 500 Schweizer Museen\",\"publisher\":{\"@id\":\"https:\/\/www.museumspass.ch\/de\/#organization\"},\"potentialAction\":[{\"@type\":\"SearchAction\",\"target\":{\"@type\":\"EntryPoint\",\"urlTemplate\":\"https:\/\/www.museumspass.ch\/de\/?s={search_term_string}\"},\"query-input\":{\"@type\":\"PropertyValueSpecification\",\"valueRequired\":true,\"valueName\":\"search_term_string\"}}],\"inLanguage\":\"it-IT\"},{\"@type\":\"Organization\",\"@id\":\"https:\/\/www.museumspass.ch\/de\/#organization\",\"name\":\"Schweizer Museumspass\",\"url\":\"https:\/\/www.museumspass.ch\/de\/\",\"logo\":{\"@type\":\"ImageObject\",\"inLanguage\":\"it-IT\",\"@id\":\"https:\/\/www.museumspass.ch\/de\/#\/schema\/logo\/image\/\",\"url\":\"https:\/\/www.museumspass.ch\/wp-content\/uploads\/Design-ohne-Titel-55.png\",\"contentUrl\":\"https:\/\/www.museumspass.ch\/wp-content\/uploads\/Design-ohne-Titel-55.png\",\"width\":1024,\"height\":576,\"caption\":\"Schweizer Museumspass\"},\"image\":{\"@id\":\"https:\/\/www.museumspass.ch\/de\/#\/schema\/logo\/image\/\"},\"sameAs\":[\"https:\/\/www.facebook.com\/SchweizerMuseumspass\/\",\"https:\/\/www.instagram.com\/museumspass\/\",\"https:\/\/www.linkedin.com\/company\/stiftung-schweizer-museumspass\/\"]},{\"@type\":\"Person\",\"@id\":\"https:\/\/www.museumspass.ch\/de\/#\/schema\/person\/203c31df7590e52a3ca993981b194550\",\"name\":\"Basile\",\"image\":{\"@type\":\"ImageObject\",\"inLanguage\":\"it-IT\",\"@id\":\"https:\/\/www.museumspass.ch\/de\/#\/schema\/person\/image\/\",\"url\":\"https:\/\/secure.gravatar.com\/avatar\/123a9c4b6097f9a82eaef7d4a1fb0e040e8baa583dbdcc70496b9c7e8c627993?s=96&d=mm&r=g\",\"contentUrl\":\"https:\/\/secure.gravatar.com\/avatar\/123a9c4b6097f9a82eaef7d4a1fb0e040e8baa583dbdcc70496b9c7e8c627993?s=96&d=mm&r=g\",\"caption\":\"Basile\"},\"url\":\"https:\/\/www.museumspass.ch\/it\/author\/wp-basile\/\"}]}<\/script>\n<!-- \/ Yoast SEO plugin. -->","yoast_head_json":{"title":"30 anni di Swiss Museum Pass: un anniversario all'insegna della partecipazione culturale - Swiss Museum Pass","description":"Per celebrare i 30 anni del Swiss Museum Pass, Elisabeth Baume-Schneider presenta la sua opera preferita al Kunstmuseum Bern. Scoprite i momenti salienti e il nostro concorso!","robots":{"index":"index","follow":"follow","max-snippet":"max-snippet:-1","max-image-preview":"max-image-preview:large","max-video-preview":"max-video-preview:-1"},"canonical":"https:\/\/www.museumspass.ch\/it\/30-anni-di-swiss-museum-pass-un-anniversario-allinsegna-della-partecipazione-culturale\/","og_locale":"it_IT","og_type":"article","og_title":"30 Jahre Schweizer Museumspass: Ein Jubil\u00e4um im Zeichen der kulturellen Teilhabe - Schweizer Museumspass","og_description":"Zum Jubil\u00e4um 30 Jahre Schweizer Museumspass pr\u00e4sentiert Elisabeth Baume-Schneider ihr Lieblingswerk im Kunstmuseum Bern. Entdecken Sie die Highlights und unseren Wettbewerb!","og_url":"https:\/\/www.museumspass.ch\/it\/30-anni-di-swiss-museum-pass-un-anniversario-allinsegna-della-partecipazione-culturale\/","og_site_name":"Schweizer Museumspass","article_publisher":"https:\/\/www.facebook.com\/SchweizerMuseumspass\/","article_published_time":"2026-04-30T14:44:21+00:00","article_modified_time":"2026-04-30T14:44:22+00:00","og_image":[{"width":2560,"height":1707,"url":"https:\/\/www.museumspass.ch\/wp-content\/uploads\/Portrait_BR_Elisabeth_Baume_Schneider-Museumspass-scaled.jpg","type":"image\/jpeg"}],"author":"Basile","twitter_card":"summary_large_image","twitter_misc":{"Scritto da":"Basile","Tempo di lettura stimato":"3 minuti"},"schema":{"@context":"https:\/\/schema.org","@graph":[{"@type":"Article","@id":"https:\/\/www.museumspass.ch\/30-jahre-schweizer-museumspass-ein-jubilaeum-im-zeichen-der-kulturellen-teilhabe\/#article","isPartOf":{"@id":"https:\/\/www.museumspass.ch\/30-jahre-schweizer-museumspass-ein-jubilaeum-im-zeichen-der-kulturellen-teilhabe\/"},"author":{"name":"Basile","@id":"https:\/\/www.museumspass.ch\/de\/#\/schema\/person\/203c31df7590e52a3ca993981b194550"},"headline":"30 Jahre Schweizer Museumspass: Ein Jubil\u00e4um im Zeichen der kulturellen Teilhabe","datePublished":"2026-04-30T14:44:21+00:00","dateModified":"2026-04-30T14:44:22+00:00","mainEntityOfPage":{"@id":"https:\/\/www.museumspass.ch\/30-jahre-schweizer-museumspass-ein-jubilaeum-im-zeichen-der-kulturellen-teilhabe\/"},"wordCount":325,"commentCount":0,"publisher":{"@id":"https:\/\/www.museumspass.ch\/de\/#organization"},"image":{"@id":"https:\/\/www.museumspass.ch\/30-jahre-schweizer-museumspass-ein-jubilaeum-im-zeichen-der-kulturellen-teilhabe\/#primaryimage"},"thumbnailUrl":"https:\/\/www.museumspass.ch\/wp-content\/uploads\/Portrait_BR_Elisabeth_Baume_Schneider-Museumspass-scaled.jpg","articleSection":["Jubil\u00e4um"],"inLanguage":"it-IT","potentialAction":[{"@type":"CommentAction","name":"Comment","target":["https:\/\/www.museumspass.ch\/30-jahre-schweizer-museumspass-ein-jubilaeum-im-zeichen-der-kulturellen-teilhabe\/#respond"]}]},{"@type":"WebPage","@id":"https:\/\/www.museumspass.ch\/30-jahre-schweizer-museumspass-ein-jubilaeum-im-zeichen-der-kulturellen-teilhabe\/","url":"https:\/\/www.museumspass.ch\/30-jahre-schweizer-museumspass-ein-jubilaeum-im-zeichen-der-kulturellen-teilhabe\/","name":"30 anni di Swiss Museum Pass: un anniversario all'insegna della partecipazione culturale - Swiss Museum Pass","isPartOf":{"@id":"https:\/\/www.museumspass.ch\/de\/#website"},"primaryImageOfPage":{"@id":"https:\/\/www.museumspass.ch\/30-jahre-schweizer-museumspass-ein-jubilaeum-im-zeichen-der-kulturellen-teilhabe\/#primaryimage"},"image":{"@id":"https:\/\/www.museumspass.ch\/30-jahre-schweizer-museumspass-ein-jubilaeum-im-zeichen-der-kulturellen-teilhabe\/#primaryimage"},"thumbnailUrl":"https:\/\/www.museumspass.ch\/wp-content\/uploads\/Portrait_BR_Elisabeth_Baume_Schneider-Museumspass-scaled.jpg","datePublished":"2026-04-30T14:44:21+00:00","dateModified":"2026-04-30T14:44:22+00:00","description":"Per celebrare i 30 anni del Swiss Museum Pass, Elisabeth Baume-Schneider presenta la sua opera preferita al Kunstmuseum Bern. Scoprite i momenti salienti e il nostro concorso!","breadcrumb":{"@id":"https:\/\/www.museumspass.ch\/30-jahre-schweizer-museumspass-ein-jubilaeum-im-zeichen-der-kulturellen-teilhabe\/#breadcrumb"},"inLanguage":"it-IT","potentialAction":[{"@type":"ReadAction","target":["https:\/\/www.museumspass.ch\/30-jahre-schweizer-museumspass-ein-jubilaeum-im-zeichen-der-kulturellen-teilhabe\/"]}]},{"@type":"ImageObject","inLanguage":"it-IT","@id":"https:\/\/www.museumspass.ch\/30-jahre-schweizer-museumspass-ein-jubilaeum-im-zeichen-der-kulturellen-teilhabe\/#primaryimage","url":"https:\/\/www.museumspass.ch\/wp-content\/uploads\/Portrait_BR_Elisabeth_Baume_Schneider-Museumspass-scaled.jpg","contentUrl":"https:\/\/www.museumspass.ch\/wp-content\/uploads\/Portrait_BR_Elisabeth_Baume_Schneider-Museumspass-scaled.jpg","width":2560,"height":1707},{"@type":"BreadcrumbList","@id":"https:\/\/www.museumspass.ch\/30-jahre-schweizer-museumspass-ein-jubilaeum-im-zeichen-der-kulturellen-teilhabe\/#breadcrumb","itemListElement":[{"@type":"ListItem","position":1,"name":"Start","item":"https:\/\/www.museumspass.ch\/de\/"},{"@type":"ListItem","position":2,"name":"30 Jahre Schweizer Museumspass: Ein Jubil\u00e4um im Zeichen der kulturellen Teilhabe"}]},{"@type":"WebSite","@id":"https:\/\/www.museumspass.ch\/de\/#website","url":"https:\/\/www.museumspass.ch\/de\/","name":"Passaporto Musei Svizzeri","description":"1 anno di accesso gratuito a oltre 500 musei svizzeri","publisher":{"@id":"https:\/\/www.museumspass.ch\/de\/#organization"},"potentialAction":[{"@type":"SearchAction","target":{"@type":"EntryPoint","urlTemplate":"https:\/\/www.museumspass.ch\/de\/?s={search_term_string}"},"query-input":{"@type":"PropertyValueSpecification","valueRequired":true,"valueName":"search_term_string"}}],"inLanguage":"it-IT"},{"@type":"Organization","@id":"https:\/\/www.museumspass.ch\/de\/#organization","name":"Passaporto Musei Svizzeri","url":"https:\/\/www.museumspass.ch\/de\/","logo":{"@type":"ImageObject","inLanguage":"it-IT","@id":"https:\/\/www.museumspass.ch\/de\/#\/schema\/logo\/image\/","url":"https:\/\/www.museumspass.ch\/wp-content\/uploads\/Design-ohne-Titel-55.png","contentUrl":"https:\/\/www.museumspass.ch\/wp-content\/uploads\/Design-ohne-Titel-55.png","width":1024,"height":576,"caption":"Schweizer Museumspass"},"image":{"@id":"https:\/\/www.museumspass.ch\/de\/#\/schema\/logo\/image\/"},"sameAs":["https:\/\/www.facebook.com\/SchweizerMuseumspass\/","https:\/\/www.instagram.com\/museumspass\/","https:\/\/www.linkedin.com\/company\/stiftung-schweizer-museumspass\/"]},{"@type":"Person","@id":"https:\/\/www.museumspass.ch\/de\/#\/schema\/person\/203c31df7590e52a3ca993981b194550","name":"Basile","image":{"@type":"ImageObject","inLanguage":"it-IT","@id":"https:\/\/www.museumspass.ch\/de\/#\/schema\/person\/image\/","url":"https:\/\/secure.gravatar.com\/avatar\/123a9c4b6097f9a82eaef7d4a1fb0e040e8baa583dbdcc70496b9c7e8c627993?s=96&d=mm&r=g","contentUrl":"https:\/\/secure.gravatar.com\/avatar\/123a9c4b6097f9a82eaef7d4a1fb0e040e8baa583dbdcc70496b9c7e8c627993?s=96&d=mm&r=g","caption":"Basile"},"url":"https:\/\/www.museumspass.ch\/it\/author\/wp-basile\/"}]}},"publishpress_future_action":{"enabled":false,"date":"2026-05-08 14:43:01","action":"change-status","newStatus":"draft","terms":[],"taxonomy":"category","extraData":[]},"publishpress_future_workflow_manual_trigger":{"enabledWorkflows":[]},"_links":{"self":[{"href":"https:\/\/www.museumspass.ch\/it\/wp-json\/wp\/v2\/posts\/12546","targetHints":{"allow":["GET"]}}],"collection":[{"href":"https:\/\/www.museumspass.ch\/it\/wp-json\/wp\/v2\/posts"}],"about":[{"href":"https:\/\/www.museumspass.ch\/it\/wp-json\/wp\/v2\/types\/post"}],"author":[{"embeddable":true,"href":"https:\/\/www.museumspass.ch\/it\/wp-json\/wp\/v2\/users\/2"}],"replies":[{"embeddable":true,"href":"https:\/\/www.museumspass.ch\/it\/wp-json\/wp\/v2\/comments?post=12546"}],"version-history":[{"count":1,"href":"https:\/\/www.museumspass.ch\/it\/wp-json\/wp\/v2\/posts\/12546\/revisions"}],"predecessor-version":[{"id":12548,"href":"https:\/\/www.museumspass.ch\/it\/wp-json\/wp\/v2\/posts\/12546\/revisions\/12548"}],"wp:featuredmedia":[{"embeddable":true,"href":"https:\/\/www.museumspass.ch\/it\/wp-json\/wp\/v2\/media\/12547"}],"wp:attachment":[{"href":"https:\/\/www.museumspass.ch\/it\/wp-json\/wp\/v2\/media?parent=12546"}],"wp:term":[{"taxonomy":"category","embeddable":true,"href":"https:\/\/www.museumspass.ch\/it\/wp-json\/wp\/v2\/categories?post=12546"},{"taxonomy":"post_tag","embeddable":true,"href":"https:\/\/www.museumspass.ch\/it\/wp-json\/wp\/v2\/tags?post=12546"}],"curies":[{"name":"wp","href":"https:\/\/api.w.org\/{rel}","templated":true}]}}