{"id":13358,"date":"2026-08-31T15:43:13","date_gmt":"2026-08-31T14:43:13","guid":{"rendered":"https:\/\/www.museumspass.ch\/?p=13358"},"modified":"2026-08-31T15:43:14","modified_gmt":"2026-08-31T14:43:14","slug":"giornata-dei-castelli-svizzeri","status":"publish","type":"post","link":"https:\/\/www.museumspass.ch\/it\/schweizer-schloessertag\/","title":{"rendered":"Giornata dei castelli svizzeri"},"content":{"rendered":"<figure class=\"wp-block-image size-large\"><img fetchpriority=\"high\" decoding=\"async\" width=\"1024\" height=\"488\" src=\"https:\/\/www.museumspass.ch\/wp-content\/uploads\/CHATEAU_SUISSE_VOYAGES_1754x836px_ok-1024x488.jpg\" alt=\"\" class=\"wp-image-13359\" srcset=\"https:\/\/www.museumspass.ch\/wp-content\/uploads\/CHATEAU_SUISSE_VOYAGES_1754x836px_ok-1024x488.jpg 1024w, https:\/\/www.museumspass.ch\/wp-content\/uploads\/CHATEAU_SUISSE_VOYAGES_1754x836px_ok-300x143.jpg 300w, https:\/\/www.museumspass.ch\/wp-content\/uploads\/CHATEAU_SUISSE_VOYAGES_1754x836px_ok-768x366.jpg 768w, https:\/\/www.museumspass.ch\/wp-content\/uploads\/CHATEAU_SUISSE_VOYAGES_1754x836px_ok-1536x732.jpg 1536w, https:\/\/www.museumspass.ch\/wp-content\/uploads\/CHATEAU_SUISSE_VOYAGES_1754x836px_ok-18x9.jpg 18w, https:\/\/www.museumspass.ch\/wp-content\/uploads\/CHATEAU_SUISSE_VOYAGES_1754x836px_ok.jpg 1754w\" sizes=\"(max-width: 1024px) 100vw, 1024px\" \/><\/figure>\n\n\n\n<p>La Giornata dei castelli svizzeri \u00e8 il pi\u00f9 importante evento dell'associazione I castelli svizzeri e dei suoi castelli membri. In tre regioni linguistiche della Svizzera, ogni prima domenica di ottobre viene proposto un programma ricco e variegato per un vasto pubblico, in particolare per le famiglie. Ogni anno viene scelto un motto speciale.<\/p>\n\n\n\n<h2 class=\"wp-block-heading\">Segnate la data<\/h2>\n\n\n\n<p>Il 4 ottobre 2026, in 32 castelli sar\u00e0 possibile vivere programmi emozionanti e variegati sul tema \u201eViaggiare\u201c. Quasi tutti i programmi dei castelli partecipanti sono ora disponibili qui. Scegliete il vostro \u201eprogramma di viaggio\u201c per la Giornata svizzera dei castelli di quest'anno!<\/p>\n\n\n\n<p>I programmi della Giornata svizzera dei castelli 2026 sono disponibili <a href=\"https:\/\/www.dieschweizerschloesser.ch\/schweizer-schloessertag\" data-type=\"link\" data-id=\"https:\/\/www.dieschweizerschloesser.ch\/schweizer-schloessertag\" target=\"_blank\" rel=\"noreferrer noopener\">qui<\/a>.<\/p>","protected":false},"excerpt":{"rendered":"<p>Am 4. Oktober 2026 l\u00e4dt der Schweizer Schl\u00f6ssertag zum Entdecken ein: 32 Schl\u00f6sser in drei Sprachregionen bieten ein vielf\u00e4ltiges Programm f\u00fcr Familien und Kulturbegeisterte. Das diesj\u00e4hrige Motto lautet &#8222;Reisen&#8220;.<\/p>","protected":false},"author":2,"featured_media":13359,"comment_status":"open","ping_status":"open","sticky":false,"template":"","format":"standard","meta":{"footnotes":""},"categories":[71,70],"tags":[],"class_list":["post-13358","post","type-post","status-publish","format-standard","has-post-thumbnail","hentry","category-ausflugsziele","category-museums-news"],"yoast_head":"<!-- This site is optimized with the Yoast SEO plugin v28.3 - https:\/\/yoast.com\/product\/yoast-seo-wordpress\/ -->\n<title>Schweizer Schl\u00f6ssertag - Schweizer Museumspass<\/title>\n<meta name=\"robots\" content=\"index, follow, max-snippet:-1, max-image-preview:large, max-video-preview:-1\" \/>\n<link rel=\"canonical\" href=\"https:\/\/www.museumspass.ch\/it\/giornata-dei-castelli-svizzeri\/\" \/>\n<meta property=\"og:locale\" content=\"it_IT\" \/>\n<meta property=\"og:type\" content=\"article\" \/>\n<meta property=\"og:title\" content=\"Schweizer Schl\u00f6ssertag - Schweizer Museumspass\" \/>\n<meta property=\"og:description\" content=\"Am 4. Oktober 2026 l\u00e4dt der Schweizer Schl\u00f6ssertag zum Entdecken ein: 32 Schl\u00f6sser in drei Sprachregionen bieten ein vielf\u00e4ltiges Programm f\u00fcr Familien und Kulturbegeisterte. Das diesj\u00e4hrige Motto lautet &quot;Reisen&quot;.\" \/>\n<meta property=\"og:url\" content=\"https:\/\/www.museumspass.ch\/it\/giornata-dei-castelli-svizzeri\/\" \/>\n<meta property=\"og:site_name\" content=\"Schweizer Museumspass\" \/>\n<meta property=\"article:publisher\" content=\"https:\/\/www.facebook.com\/SchweizerMuseumspass\/\" \/>\n<meta property=\"article:published_time\" content=\"2026-08-31T14:43:13+00:00\" \/>\n<meta property=\"article:modified_time\" content=\"2026-08-31T14:43:14+00:00\" \/>\n<meta property=\"og:image\" content=\"https:\/\/www.museumspass.ch\/wp-content\/uploads\/CHATEAU_SUISSE_VOYAGES_1754x836px_ok.jpg\" \/>\n\t<meta property=\"og:image:width\" content=\"1754\" \/>\n\t<meta property=\"og:image:height\" content=\"836\" \/>\n\t<meta property=\"og:image:type\" content=\"image\/jpeg\" \/>\n<meta name=\"author\" content=\"Basile\" \/>\n<meta name=\"twitter:card\" content=\"summary_large_image\" \/>\n<meta name=\"twitter:label1\" content=\"Scritto da\" \/>\n\t<meta name=\"twitter:data1\" content=\"Basile\" \/>\n\t<meta name=\"twitter:label2\" content=\"Tempo di lettura stimato\" \/>\n\t<meta name=\"twitter:data2\" content=\"1 minuto\" \/>\n<script type=\"application\/ld+json\" class=\"yoast-schema-graph\">{\"@context\":\"https:\\\/\\\/schema.org\",\"@graph\":[{\"@type\":\"Article\",\"@id\":\"https:\\\/\\\/www.museumspass.ch\\\/schweizer-schloessertag\\\/#article\",\"isPartOf\":{\"@id\":\"https:\\\/\\\/www.museumspass.ch\\\/schweizer-schloessertag\\\/\"},\"author\":{\"name\":\"Basile\",\"@id\":\"https:\\\/\\\/www.museumspass.ch\\\/de\\\/#\\\/schema\\\/person\\\/9a443a089be27d285f67d0d2b4355aed\"},\"headline\":\"Schweizer Schl\u00f6ssertag\",\"datePublished\":\"2026-08-31T14:43:13+00:00\",\"dateModified\":\"2026-08-31T14:43:14+00:00\",\"mainEntityOfPage\":{\"@id\":\"https:\\\/\\\/www.museumspass.ch\\\/schweizer-schloessertag\\\/\"},\"wordCount\":111,\"commentCount\":0,\"publisher\":{\"@id\":\"https:\\\/\\\/www.museumspass.ch\\\/de\\\/#organization\"},\"image\":{\"@id\":\"https:\\\/\\\/www.museumspass.ch\\\/schweizer-schloessertag\\\/#primaryimage\"},\"thumbnailUrl\":\"https:\\\/\\\/www.museumspass.ch\\\/wp-content\\\/uploads\\\/CHATEAU_SUISSE_VOYAGES_1754x836px_ok.jpg\",\"articleSection\":[\"Ausflugsziele\",\"Museums-News\"],\"inLanguage\":\"it-IT\",\"potentialAction\":[{\"@type\":\"CommentAction\",\"name\":\"Comment\",\"target\":[\"https:\\\/\\\/www.museumspass.ch\\\/schweizer-schloessertag\\\/#respond\"]}]},{\"@type\":\"WebPage\",\"@id\":\"https:\\\/\\\/www.museumspass.ch\\\/schweizer-schloessertag\\\/\",\"url\":\"https:\\\/\\\/www.museumspass.ch\\\/schweizer-schloessertag\\\/\",\"name\":\"Schweizer Schl\u00f6ssertag - Schweizer Museumspass\",\"isPartOf\":{\"@id\":\"https:\\\/\\\/www.museumspass.ch\\\/de\\\/#website\"},\"primaryImageOfPage\":{\"@id\":\"https:\\\/\\\/www.museumspass.ch\\\/schweizer-schloessertag\\\/#primaryimage\"},\"image\":{\"@id\":\"https:\\\/\\\/www.museumspass.ch\\\/schweizer-schloessertag\\\/#primaryimage\"},\"thumbnailUrl\":\"https:\\\/\\\/www.museumspass.ch\\\/wp-content\\\/uploads\\\/CHATEAU_SUISSE_VOYAGES_1754x836px_ok.jpg\",\"datePublished\":\"2026-08-31T14:43:13+00:00\",\"dateModified\":\"2026-08-31T14:43:14+00:00\",\"breadcrumb\":{\"@id\":\"https:\\\/\\\/www.museumspass.ch\\\/schweizer-schloessertag\\\/#breadcrumb\"},\"inLanguage\":\"it-IT\",\"potentialAction\":[{\"@type\":\"ReadAction\",\"target\":[\"https:\\\/\\\/www.museumspass.ch\\\/schweizer-schloessertag\\\/\"]}]},{\"@type\":\"ImageObject\",\"inLanguage\":\"it-IT\",\"@id\":\"https:\\\/\\\/www.museumspass.ch\\\/schweizer-schloessertag\\\/#primaryimage\",\"url\":\"https:\\\/\\\/www.museumspass.ch\\\/wp-content\\\/uploads\\\/CHATEAU_SUISSE_VOYAGES_1754x836px_ok.jpg\",\"contentUrl\":\"https:\\\/\\\/www.museumspass.ch\\\/wp-content\\\/uploads\\\/CHATEAU_SUISSE_VOYAGES_1754x836px_ok.jpg\",\"width\":1754,\"height\":836},{\"@type\":\"BreadcrumbList\",\"@id\":\"https:\\\/\\\/www.museumspass.ch\\\/schweizer-schloessertag\\\/#breadcrumb\",\"itemListElement\":[{\"@type\":\"ListItem\",\"position\":1,\"name\":\"Start\",\"item\":\"https:\\\/\\\/www.museumspass.ch\\\/de\\\/\"},{\"@type\":\"ListItem\",\"position\":2,\"name\":\"Schweizer Schl\u00f6ssertag\"}]},{\"@type\":\"WebSite\",\"@id\":\"https:\\\/\\\/www.museumspass.ch\\\/de\\\/#website\",\"url\":\"https:\\\/\\\/www.museumspass.ch\\\/de\\\/\",\"name\":\"Schweizer Museumspass\",\"description\":\"1 Jahr lang kostenlosen Zugang zu \u00fcber 500 Schweizer Museen\",\"publisher\":{\"@id\":\"https:\\\/\\\/www.museumspass.ch\\\/de\\\/#organization\"},\"potentialAction\":[{\"@type\":\"SearchAction\",\"target\":{\"@type\":\"EntryPoint\",\"urlTemplate\":\"https:\\\/\\\/www.museumspass.ch\\\/de\\\/?s={search_term_string}\"},\"query-input\":{\"@type\":\"PropertyValueSpecification\",\"valueRequired\":true,\"valueName\":\"search_term_string\"}}],\"inLanguage\":\"it-IT\"},{\"@type\":\"Organization\",\"@id\":\"https:\\\/\\\/www.museumspass.ch\\\/de\\\/#organization\",\"name\":\"Schweizer Museumspass\",\"url\":\"https:\\\/\\\/www.museumspass.ch\\\/de\\\/\",\"logo\":{\"@type\":\"ImageObject\",\"inLanguage\":\"it-IT\",\"@id\":\"https:\\\/\\\/www.museumspass.ch\\\/de\\\/#\\\/schema\\\/logo\\\/image\\\/\",\"url\":\"https:\\\/\\\/www.museumspass.ch\\\/wp-content\\\/uploads\\\/Design-ohne-Titel-55.png\",\"contentUrl\":\"https:\\\/\\\/www.museumspass.ch\\\/wp-content\\\/uploads\\\/Design-ohne-Titel-55.png\",\"width\":1024,\"height\":576,\"caption\":\"Schweizer Museumspass\"},\"image\":{\"@id\":\"https:\\\/\\\/www.museumspass.ch\\\/de\\\/#\\\/schema\\\/logo\\\/image\\\/\"},\"sameAs\":[\"https:\\\/\\\/www.facebook.com\\\/SchweizerMuseumspass\\\/\",\"https:\\\/\\\/www.instagram.com\\\/museumspass\\\/\",\"https:\\\/\\\/www.linkedin.com\\\/company\\\/stiftung-schweizer-museumspass\\\/\"]},{\"@type\":\"Person\",\"@id\":\"https:\\\/\\\/www.museumspass.ch\\\/de\\\/#\\\/schema\\\/person\\\/9a443a089be27d285f67d0d2b4355aed\",\"name\":\"Basile\",\"image\":{\"@type\":\"ImageObject\",\"inLanguage\":\"it-IT\",\"@id\":\"https:\\\/\\\/secure.gravatar.com\\\/avatar\\\/123a9c4b6097f9a82eaef7d4a1fb0e040e8baa583dbdcc70496b9c7e8c627993?s=96&d=mm&r=g\",\"url\":\"https:\\\/\\\/secure.gravatar.com\\\/avatar\\\/123a9c4b6097f9a82eaef7d4a1fb0e040e8baa583dbdcc70496b9c7e8c627993?s=96&d=mm&r=g\",\"contentUrl\":\"https:\\\/\\\/secure.gravatar.com\\\/avatar\\\/123a9c4b6097f9a82eaef7d4a1fb0e040e8baa583dbdcc70496b9c7e8c627993?s=96&d=mm&r=g\",\"caption\":\"Basile\"},\"url\":\"https:\\\/\\\/www.museumspass.ch\\\/it\\\/author\\\/wp-basile\\\/\"}]}<\/script>\n<!-- \/ Yoast SEO plugin. -->","yoast_head_json":{"title":"Giornata dei castelli svizzeri - Passaporto dei musei svizzeri","robots":{"index":"index","follow":"follow","max-snippet":"max-snippet:-1","max-image-preview":"max-image-preview:large","max-video-preview":"max-video-preview:-1"},"canonical":"https:\/\/www.museumspass.ch\/it\/giornata-dei-castelli-svizzeri\/","og_locale":"it_IT","og_type":"article","og_title":"Schweizer Schl\u00f6ssertag - Schweizer Museumspass","og_description":"Am 4. Oktober 2026 l\u00e4dt der Schweizer Schl\u00f6ssertag zum Entdecken ein: 32 Schl\u00f6sser in drei Sprachregionen bieten ein vielf\u00e4ltiges Programm f\u00fcr Familien und Kulturbegeisterte. Das diesj\u00e4hrige Motto lautet \"Reisen\".","og_url":"https:\/\/www.museumspass.ch\/it\/giornata-dei-castelli-svizzeri\/","og_site_name":"Schweizer Museumspass","article_publisher":"https:\/\/www.facebook.com\/SchweizerMuseumspass\/","article_published_time":"2026-08-31T14:43:13+00:00","article_modified_time":"2026-08-31T14:43:14+00:00","og_image":[{"width":1754,"height":836,"url":"https:\/\/www.museumspass.ch\/wp-content\/uploads\/CHATEAU_SUISSE_VOYAGES_1754x836px_ok.jpg","type":"image\/jpeg"}],"author":"Basile","twitter_card":"summary_large_image","twitter_misc":{"Scritto da":"Basile","Tempo di lettura stimato":"1 minuto"},"schema":{"@context":"https:\/\/schema.org","@graph":[{"@type":"Article","@id":"https:\/\/www.museumspass.ch\/schweizer-schloessertag\/#article","isPartOf":{"@id":"https:\/\/www.museumspass.ch\/schweizer-schloessertag\/"},"author":{"name":"Basile","@id":"https:\/\/www.museumspass.ch\/de\/#\/schema\/person\/9a443a089be27d285f67d0d2b4355aed"},"headline":"Schweizer Schl\u00f6ssertag","datePublished":"2026-08-31T14:43:13+00:00","dateModified":"2026-08-31T14:43:14+00:00","mainEntityOfPage":{"@id":"https:\/\/www.museumspass.ch\/schweizer-schloessertag\/"},"wordCount":111,"commentCount":0,"publisher":{"@id":"https:\/\/www.museumspass.ch\/de\/#organization"},"image":{"@id":"https:\/\/www.museumspass.ch\/schweizer-schloessertag\/#primaryimage"},"thumbnailUrl":"https:\/\/www.museumspass.ch\/wp-content\/uploads\/CHATEAU_SUISSE_VOYAGES_1754x836px_ok.jpg","articleSection":["Ausflugsziele","Museums-News"],"inLanguage":"it-IT","potentialAction":[{"@type":"CommentAction","name":"Comment","target":["https:\/\/www.museumspass.ch\/schweizer-schloessertag\/#respond"]}]},{"@type":"WebPage","@id":"https:\/\/www.museumspass.ch\/schweizer-schloessertag\/","url":"https:\/\/www.museumspass.ch\/schweizer-schloessertag\/","name":"Giornata dei castelli svizzeri - Passaporto dei musei svizzeri","isPartOf":{"@id":"https:\/\/www.museumspass.ch\/de\/#website"},"primaryImageOfPage":{"@id":"https:\/\/www.museumspass.ch\/schweizer-schloessertag\/#primaryimage"},"image":{"@id":"https:\/\/www.museumspass.ch\/schweizer-schloessertag\/#primaryimage"},"thumbnailUrl":"https:\/\/www.museumspass.ch\/wp-content\/uploads\/CHATEAU_SUISSE_VOYAGES_1754x836px_ok.jpg","datePublished":"2026-08-31T14:43:13+00:00","dateModified":"2026-08-31T14:43:14+00:00","breadcrumb":{"@id":"https:\/\/www.museumspass.ch\/schweizer-schloessertag\/#breadcrumb"},"inLanguage":"it-IT","potentialAction":[{"@type":"ReadAction","target":["https:\/\/www.museumspass.ch\/schweizer-schloessertag\/"]}]},{"@type":"ImageObject","inLanguage":"it-IT","@id":"https:\/\/www.museumspass.ch\/schweizer-schloessertag\/#primaryimage","url":"https:\/\/www.museumspass.ch\/wp-content\/uploads\/CHATEAU_SUISSE_VOYAGES_1754x836px_ok.jpg","contentUrl":"https:\/\/www.museumspass.ch\/wp-content\/uploads\/CHATEAU_SUISSE_VOYAGES_1754x836px_ok.jpg","width":1754,"height":836},{"@type":"BreadcrumbList","@id":"https:\/\/www.museumspass.ch\/schweizer-schloessertag\/#breadcrumb","itemListElement":[{"@type":"ListItem","position":1,"name":"Start","item":"https:\/\/www.museumspass.ch\/de\/"},{"@type":"ListItem","position":2,"name":"Schweizer Schl\u00f6ssertag"}]},{"@type":"WebSite","@id":"https:\/\/www.museumspass.ch\/de\/#website","url":"https:\/\/www.museumspass.ch\/de\/","name":"Passaporto Musei Svizzeri","description":"1 anno di accesso gratuito a oltre 500 musei svizzeri","publisher":{"@id":"https:\/\/www.museumspass.ch\/de\/#organization"},"potentialAction":[{"@type":"SearchAction","target":{"@type":"EntryPoint","urlTemplate":"https:\/\/www.museumspass.ch\/de\/?s={search_term_string}"},"query-input":{"@type":"PropertyValueSpecification","valueRequired":true,"valueName":"search_term_string"}}],"inLanguage":"it-IT"},{"@type":"Organization","@id":"https:\/\/www.museumspass.ch\/de\/#organization","name":"Passaporto Musei Svizzeri","url":"https:\/\/www.museumspass.ch\/de\/","logo":{"@type":"ImageObject","inLanguage":"it-IT","@id":"https:\/\/www.museumspass.ch\/de\/#\/schema\/logo\/image\/","url":"https:\/\/www.museumspass.ch\/wp-content\/uploads\/Design-ohne-Titel-55.png","contentUrl":"https:\/\/www.museumspass.ch\/wp-content\/uploads\/Design-ohne-Titel-55.png","width":1024,"height":576,"caption":"Schweizer Museumspass"},"image":{"@id":"https:\/\/www.museumspass.ch\/de\/#\/schema\/logo\/image\/"},"sameAs":["https:\/\/www.facebook.com\/SchweizerMuseumspass\/","https:\/\/www.instagram.com\/museumspass\/","https:\/\/www.linkedin.com\/company\/stiftung-schweizer-museumspass\/"]},{"@type":"Person","@id":"https:\/\/www.museumspass.ch\/de\/#\/schema\/person\/9a443a089be27d285f67d0d2b4355aed","name":"Basile","image":{"@type":"ImageObject","inLanguage":"it-IT","@id":"https:\/\/secure.gravatar.com\/avatar\/123a9c4b6097f9a82eaef7d4a1fb0e040e8baa583dbdcc70496b9c7e8c627993?s=96&d=mm&r=g","url":"https:\/\/secure.gravatar.com\/avatar\/123a9c4b6097f9a82eaef7d4a1fb0e040e8baa583dbdcc70496b9c7e8c627993?s=96&d=mm&r=g","contentUrl":"https:\/\/secure.gravatar.com\/avatar\/123a9c4b6097f9a82eaef7d4a1fb0e040e8baa583dbdcc70496b9c7e8c627993?s=96&d=mm&r=g","caption":"Basile"},"url":"https:\/\/www.museumspass.ch\/it\/author\/wp-basile\/"}]}},"publishpress_future_action":{"enabled":false,"date":"2026-09-08 02:32:49","action":"change-status","newStatus":"draft","terms":[],"taxonomy":"category","extraData":[]},"publishpress_future_workflow_manual_trigger":{"enabledWorkflows":[]},"_links":{"self":[{"href":"https:\/\/www.museumspass.ch\/it\/wp-json\/wp\/v2\/posts\/13358","targetHints":{"allow":["GET"]}}],"collection":[{"href":"https:\/\/www.museumspass.ch\/it\/wp-json\/wp\/v2\/posts"}],"about":[{"href":"https:\/\/www.museumspass.ch\/it\/wp-json\/wp\/v2\/types\/post"}],"author":[{"embeddable":true,"href":"https:\/\/www.museumspass.ch\/it\/wp-json\/wp\/v2\/users\/2"}],"replies":[{"embeddable":true,"href":"https:\/\/www.museumspass.ch\/it\/wp-json\/wp\/v2\/comments?post=13358"}],"version-history":[{"count":1,"href":"https:\/\/www.museumspass.ch\/it\/wp-json\/wp\/v2\/posts\/13358\/revisions"}],"predecessor-version":[{"id":13360,"href":"https:\/\/www.museumspass.ch\/it\/wp-json\/wp\/v2\/posts\/13358\/revisions\/13360"}],"wp:featuredmedia":[{"embeddable":true,"href":"https:\/\/www.museumspass.ch\/it\/wp-json\/wp\/v2\/media\/13359"}],"wp:attachment":[{"href":"https:\/\/www.museumspass.ch\/it\/wp-json\/wp\/v2\/media?parent=13358"}],"wp:term":[{"taxonomy":"category","embeddable":true,"href":"https:\/\/www.museumspass.ch\/it\/wp-json\/wp\/v2\/categories?post=13358"},{"taxonomy":"post_tag","embeddable":true,"href":"https:\/\/www.museumspass.ch\/it\/wp-json\/wp\/v2\/tags?post=13358"}],"curies":[{"name":"wp","href":"https:\/\/api.w.org\/{rel}","templated":true}]}}